{"id":421951,"date":"2017-10-16T15:51:02","date_gmt":"2017-10-16T13:51:02","guid":{"rendered":"http:\/\/www.ivg.it\/?p=421951"},"modified":"2017-10-16T16:35:33","modified_gmt":"2017-10-16T14:35:33","slug":"savona-smantellate-le-valigie-del-clochard-incatenate-centro-santi-situazione-risolta","status":"publish","type":"post","link":"https:\/\/staging.ivg.it\/2017\/10\/savona-smantellate-le-valigie-del-clochard-incatenate-centro-santi-situazione-risolta\/","title":{"rendered":"Savona, smantellate le valigie del clochard incatenate in centro. Santi: &#8220;Situazione risolta&#8221;"},"content":{"rendered":"<p><strong>Savona.<\/strong> Il caso del clochard in centro a Savona, con le sue valigie e scartoffie legate ad un archetto pedonale tra via Michelangelo e via Schienacoste, \u00e8 stato risolto dall&#8217;amministrazione comunale savonese, anche dopo un sopralluogo effettuato nel primo pomeriggio di oggi dall&#8217;assessore comunale Pietro Santi, da Ata e da agenti della polizia municipale.<\/p>\n<p>Il problema era stato segnalato da una cittadina savonese, che aveva denunciato la situazione di degrado e sporcizia a seguito dell&#8217;azione del clochard, che giorno dopo giorno stava continuando a legare con un lucchetto le sue valigie. <\/p>\n<p>Il clochard, inoltre, sovente bivacca proprio davanti al porticato della casa di riposo &#8220;Bagnasco&#8221;: &#8220;Uno spettacolo non certo bello per i malati e gli ospiti della struttura&#8221; ha detto lo stesso Santi. &#8220;Gli abbiamo riferito che si tratta di suolo pubblico e che l\u00ec non pu\u00f2 pi\u00f9 stare&#8221;. <div class=\"single-img-content-container fullwidth-single shortcode standard\">\n    <div class=\"image_container\" style=\"text-align: center;\">\n        <picture class=\" lazyload\"><img loading=\"lazy\" class=\"lazy\" data-srcset=\"https:\/\/www.ivg.it\/photogallery_new\/images\/2017\/10\/valigie-clochard-424757.jpg 1024w, https:\/\/www.ivg.it\/photogallery_new\/images\/2017\/10\/valigie-clochard-424757.jpg 970w, https:\/\/www.ivg.it\/photogallery_new\/images\/2017\/10\/valigie-clochard-424757.jpg 660w, https:\/\/www.ivg.it\/photogallery_new\/images\/2017\/10\/valigie-clochard-424757.jpg 316w, https:\/\/www.ivg.it\/photogallery_new\/images\/2017\/10\/valigie-clochard-424757.jpg 150w\"  data-src=\"https:\/\/www.ivg.it\/photogallery_new\/images\/2017\/10\/valigie-clochard-424757.jpg\" alt=\"valigie clochard\" \/><\/picture>\r\n\n    <\/div>\n    <\/div>\n<\/p>\n<p>Quanto ai cattivi odori emanati dalle valigie e dalle scartoffie legate all&#8217;archetto pedonale \u00e8 stato eseguito un intervento di rimozione, pulizia e bonifica da parte del personale di Ata: &#8220;Capiamo certamente il caso umano, tuttavia \u00e8 impensabile una situazione del genere in centro citt\u00e0&#8221; ha concluso l&#8217;assessore savonese.<\/p>\n","protected":false},"excerpt":{"rendered":"<p>Intervento di Ata e polizia municipale per risolvere il degrado e la sporcizia<\/p>\n","protected":false},"author":4,"featured_media":0,"comment_status":"open","ping_status":"closed","sticky":false,"template":"","format":"standard","meta":{"footnotes":""},"categories":[45296,34],"tags":[3204,2805,4232],"class_list":["post-421951","post","type-post","status-publish","format-standard","hentry","category-copertina","category-cronaca","tag-comune-savona","tag-degrado","tag-sporcizia","post_cat_citta-savona","post_tag_personaggi-pietro-santi"],"amp_validity":null,"amp_enabled":true,"_links":{"self":[{"href":"https:\/\/staging.ivg.it\/ediapi\/wp\/v2\/posts\/421951","targetHints":{"allow":["GET"]}}],"collection":[{"href":"https:\/\/staging.ivg.it\/ediapi\/wp\/v2\/posts"}],"about":[{"href":"https:\/\/staging.ivg.it\/ediapi\/wp\/v2\/types\/post"}],"author":[{"embeddable":true,"href":"https:\/\/staging.ivg.it\/ediapi\/wp\/v2\/users\/4"}],"replies":[{"embeddable":true,"href":"https:\/\/staging.ivg.it\/ediapi\/wp\/v2\/comments?post=421951"}],"version-history":[{"count":0,"href":"https:\/\/staging.ivg.it\/ediapi\/wp\/v2\/posts\/421951\/revisions"}],"wp:attachment":[{"href":"https:\/\/staging.ivg.it\/ediapi\/wp\/v2\/media?parent=421951"}],"wp:term":[{"taxonomy":"category","embeddable":true,"href":"https:\/\/staging.ivg.it\/ediapi\/wp\/v2\/categories?post=421951"},{"taxonomy":"post_tag","embeddable":true,"href":"https:\/\/staging.ivg.it\/ediapi\/wp\/v2\/tags?post=421951"}],"curies":[{"name":"wp","href":"https:\/\/api.w.org\/{rel}","templated":true}]}}