{"id":420524,"date":"2017-09-28T14:00:49","date_gmt":"2017-09-28T12:00:49","guid":{"rendered":"http:\/\/www.ivg.it\/?p=420524"},"modified":"2017-09-28T14:12:53","modified_gmt":"2017-09-28T12:12:53","slug":"toirano-biker-ferito-le-prove-della-ps1-karma-trail-soccorso-dallelicottero-dei-vigili-del-fuoco","status":"publish","type":"post","link":"https:\/\/staging.ivg.it\/2017\/09\/toirano-biker-ferito-le-prove-della-ps1-karma-trail-soccorso-dallelicottero-dei-vigili-del-fuoco\/","title":{"rendered":"Toirano, biker ferito durante le prove della Ps1 Karma Trail: soccorso dall&#8217;elicottero dei vigili del fuoco"},"content":{"rendered":"<p><strong>Toirano\/Boissano<\/strong>. E&#8217; stato soccorso dai vigili del fuoco e dai volontari della croce verde di Bardineto il biker rimasto ferito intorno alle 12.25 di oggi sulle alture alle spalle di Boissano.<\/p>\n<p>L&#8217;atleta stava partecipando alle prove della <a href=\"http:\/\/www.ivg.it\/2017\/09\/lenduro-world-series-tappa-loano-partenza-dal-monte-carmo-arrivo-verzi\/\">Ps1 Karma Trail della Enduro World Series<\/a>, gara in programma sabato 30 settembre sui percorsi di Loano Outdoor, quando sarebbe caduto riportando alcuni lievi traumi e ferite.<\/p>\n<p>A soccorrerlo, come detto, sono stati gli operatori sanitari ed i vigili del fuoco. L&#8217;infortunio \u00e8 avvenuto in una zona particolarmente impervia, perci\u00f2 \u00e8 stato necessario richiedere il supporto dell&#8217;elicottero \u201cDrago\u201d che ha trasportato il paziente in codice giallo al Santa Corona di Pietra Ligure.<\/p>\n","protected":false},"excerpt":{"rendered":"<p>Soccorso dai vigili del fuoco e dai volontari della croce verde di Bardineto<\/p>\n","protected":false},"author":12120,"featured_media":0,"comment_status":"open","ping_status":"closed","sticky":false,"template":"","format":"standard","meta":{"footnotes":""},"categories":[45296,42377,34,32],"tags":[67565,64101,74473,97403,618],"class_list":["post-420524","post","type-post","status-publish","format-standard","hentry","category-copertina","category-altri-sport","category-cronaca","category-sport","tag-croce-verde-bardineto","tag-elicottero-vigili-del-fuoco","tag-enduro-world-series","tag-karma-trail","tag-vigili-del-fuoco","post_cat_citta-boissano","post_cat_citta-toirano"],"amp_validity":null,"amp_enabled":true,"_links":{"self":[{"href":"https:\/\/staging.ivg.it\/ediapi\/wp\/v2\/posts\/420524","targetHints":{"allow":["GET"]}}],"collection":[{"href":"https:\/\/staging.ivg.it\/ediapi\/wp\/v2\/posts"}],"about":[{"href":"https:\/\/staging.ivg.it\/ediapi\/wp\/v2\/types\/post"}],"author":[{"embeddable":true,"href":"https:\/\/staging.ivg.it\/ediapi\/wp\/v2\/users\/12120"}],"replies":[{"embeddable":true,"href":"https:\/\/staging.ivg.it\/ediapi\/wp\/v2\/comments?post=420524"}],"version-history":[{"count":0,"href":"https:\/\/staging.ivg.it\/ediapi\/wp\/v2\/posts\/420524\/revisions"}],"wp:attachment":[{"href":"https:\/\/staging.ivg.it\/ediapi\/wp\/v2\/media?parent=420524"}],"wp:term":[{"taxonomy":"category","embeddable":true,"href":"https:\/\/staging.ivg.it\/ediapi\/wp\/v2\/categories?post=420524"},{"taxonomy":"post_tag","embeddable":true,"href":"https:\/\/staging.ivg.it\/ediapi\/wp\/v2\/tags?post=420524"}],"curies":[{"name":"wp","href":"https:\/\/api.w.org\/{rel}","templated":true}]}}