{"id":420364,"date":"2017-09-26T13:13:41","date_gmt":"2017-09-26T11:13:41","guid":{"rendered":"http:\/\/www.ivg.it\/?p=420364"},"modified":"2017-09-26T13:20:33","modified_gmt":"2017-09-26T11:20:33","slug":"savona-piedibus-garantito-anche-questanno-scolastico-percorsi-inalterati","status":"publish","type":"post","link":"https:\/\/staging.ivg.it\/2017\/09\/savona-piedibus-garantito-anche-questanno-scolastico-percorsi-inalterati\/","title":{"rendered":"Savona: il Piedibus garantito anche quest&#8217;anno scolastico, percorsi inalterati"},"content":{"rendered":"<p><strong>Savona.<\/strong> Il Piedibus pu\u00f2 partire, il servizio sar\u00e0 garantito anche quest&#8217;anno scolastico e con gli stessi tempi e modi di quelli precedenti. Merito anche dello sponsor, la Pontificia Accademia Tiberina, che ha erogato i fondi necessari a garantire il servizio.<\/p>\n<p>I volontari dell\u2019Auser accompagneranno i bambini, in gruppi di 4 o 5, nei quattro percorsi a piedi da casa a scuola gi\u00e0 &#8220;battuti&#8221; gli anni scorsi. Invariata anche la tratta gestita da TPL con l&#8217;autobus di linea che porta al Santuario.<\/p>\n<p>&#8220;Vista l\u2019esperienza del 2016 anche quest\u2019anno siamo riusciti, partendo prima dell&#8217;inizio dell&#8217;anno scolastico, a continuare questo servizio sempre grazie alla collaborazione di TPL Linea, che ha dato un aiuto forte con la bigliettazione, dell\u2019Auser e dell\u2019Accademia Tiberina &#8211; dichiara Ileana Romagnoli, assessore comunale al Sociale e alle Politiche scolastiche ed educative &#8211; Rimarcheggiamo un po\u2019 ci\u00f2 che facevano gli antichi Greci che ritenevano assolutamente doveroso che chi aveva di pi\u00f9 doveva contribuire: in questo caso chi viene incontro alle necessit\u00e0 della popolazione sono le associazioni culturali che intervengono anche per un problema sociale della cittadinanza&#8221;.<\/p>\n<p>&#8220;I volontari potranno insegnare ai bambini il valore di andare a piedi, magari insieme ad un nonno, anzich\u00e9 con l&#8217;auto, che \u00e8 un mezzo che inquina. Mi sembra un\u2019ottima iniziativa di collaborazione tra associazioni di volontariato, realt\u00e0 culturali, Comune e TPL&#8221;, conclude Romagnoli.<\/p>\n<p>E per raccogliere ulteriori contributi all\u2019attuazione del servizio Piedibus domenica 1 ottobre alle ore 18 alla Fortezza del Priamar si terr\u00e0 \u201cL\u2019arcano sentiero\u201d, spettacolo itinerante di teatro e musica a cura della Compagnia degli Spostati e con la regia di Jean Pierre Lozano. Offerta libera al minimo di 10 euro. Soggetto e scenografie di Francesca Pierattini, musiche di Alessandro Signorile, fotografia di Marta Cervone, effetti luci di Claudio Greco, tecnico del suono Alessandro Mazzitelli.<\/p>\n","protected":false},"excerpt":{"rendered":"<p>I volontari Auser accompagneranno i bambini in 4 percorsi da casa a scuola<\/p>\n","protected":false},"author":11510,"featured_media":0,"comment_status":"open","ping_status":"closed","sticky":false,"template":"","format":"standard","meta":{"footnotes":""},"categories":[45296,56,57712],"tags":[89252,70005,335,22868,15271],"class_list":["post-420364","post","type-post","status-publish","format-standard","hentry","category-copertina","category-altre","category-bambini","tag-accademia-tiberina","tag-auser-savona","tag-bambini","tag-piedibus","tag-tpl-linea","post_cat_citta-savona","post_tag_personaggi-ileana-romagnoli"],"amp_validity":null,"amp_enabled":true,"_links":{"self":[{"href":"https:\/\/staging.ivg.it\/ediapi\/wp\/v2\/posts\/420364","targetHints":{"allow":["GET"]}}],"collection":[{"href":"https:\/\/staging.ivg.it\/ediapi\/wp\/v2\/posts"}],"about":[{"href":"https:\/\/staging.ivg.it\/ediapi\/wp\/v2\/types\/post"}],"author":[{"embeddable":true,"href":"https:\/\/staging.ivg.it\/ediapi\/wp\/v2\/users\/11510"}],"replies":[{"embeddable":true,"href":"https:\/\/staging.ivg.it\/ediapi\/wp\/v2\/comments?post=420364"}],"version-history":[{"count":0,"href":"https:\/\/staging.ivg.it\/ediapi\/wp\/v2\/posts\/420364\/revisions"}],"wp:attachment":[{"href":"https:\/\/staging.ivg.it\/ediapi\/wp\/v2\/media?parent=420364"}],"wp:term":[{"taxonomy":"category","embeddable":true,"href":"https:\/\/staging.ivg.it\/ediapi\/wp\/v2\/categories?post=420364"},{"taxonomy":"post_tag","embeddable":true,"href":"https:\/\/staging.ivg.it\/ediapi\/wp\/v2\/tags?post=420364"}],"curies":[{"name":"wp","href":"https:\/\/api.w.org\/{rel}","templated":true}]}}