{"id":419629,"date":"2017-09-16T16:29:11","date_gmt":"2017-09-16T14:29:11","guid":{"rendered":"http:\/\/www.ivg.it\/?p=419629"},"modified":"2017-09-16T16:29:11","modified_gmt":"2017-09-16T14:29:11","slug":"ad-andora-arriva-la-nuova-spiaggia-libera-attrezzata-cani","status":"publish","type":"post","link":"https:\/\/staging.ivg.it\/2017\/09\/ad-andora-arriva-la-nuova-spiaggia-libera-attrezzata-cani\/","title":{"rendered":"Ad Andora arriva la nuova spiaggia libera attrezzata per cani"},"content":{"rendered":"<p><strong>Andora<\/strong>. Nell&#8217;ambito delle opere di valorizzazione della zona di arenile davanti all&#8217;ex complesso turistico Ariston, l&#8217;amministrazione Demichelis ha deciso che Andora avr\u00e0, in zona centrale, una seconda spiaggia libera attrezzata aperta agli animali domestici. Sar\u00e0 realizzata sull&#8217;arenile a levante del torrente Merula, recentemente tornato all&#8217;uso pubblico, e che un tempo ospitava lo stabilimento &#8220;Mare Sole&#8221;. La nuova Sla avr\u00e0 servizi a misura di quattro zampe e potr\u00e0 essere un&#8217;alternativa alla spiaggia libera, aperta agli animali, che \u00e8 al fondo della passeggiata di Ponente.<\/p>\n<p>L&#8217;iter per la sua realizzazione parte con la richiesta di aggiornamento al Progetto degli arenili del Comune di Andora, che sar\u00e0 portata in approvazione nel prossimo Consiglio Comunale, indetto per il 27 settembre prossimo, per poi essere trasmessa alla Regione. Al vaglio anche l&#8217;ampliamento della zona dedicata agli impianti sportivi gi\u00e0 prevista sul terrapieno di fronte all&#8217;ex Ariston e una modifica alle Norme tecniche attuative riguardanti l&#8217;elioterapia.<\/p>\n<p>&#8220;E&#8217; nostra intenzione realizzare una spiaggia libera attrezzata pensata per chi cerca i comforts dello stabilimento balneare e vuole portare con s\u00e9 il proprio cane, a cui saranno offerti servizi dedicati e spazi progettati per ospitare animali &#8211; ha annunciato il sindaco Mauro Demichelis \u2013. Andora ha gi\u00e0 una spiaggia libera in cui \u00e8 consentito l&#8217;accesso agli animali domestici, al fondo della passeggiata di ponente: un&#8217;ubicazione scelta dalla precedente amministrazione, che non soddisfa le esigenze di tutti i bagnanti, alcuni dei quali gradirebbero maggiori servizi. Si vuole offrire cos\u00ec un&#8217;alternativa, in un&#8217;area che \u00e8 gi\u00e0 destinata a spiaggia libera attrezzata e che ha le caratteristiche ideali per accogliere gli animali: \u00e8 isolata dagli altri stabilimenti balneari e permette l&#8217;accesso al mare. In attesa dell&#8217;ok della Regione, proseguir\u00e0 l&#8217;opera di valorizzazione di tutta la zona. Procederemo al ripascimento con la sabbia e, con la modifica al Progetto degli arenili di Andora, chiederemo anche di poter ampliare l&#8217;area da destinare agli impianti sportivi, gi\u00e0 previsti sul terrapieno attiguo&#8221;.<\/p>\n<p>All&#8217;esame del Consiglio comunale in programma per il 27 settembre, andranno due ulteriori modifiche al Piano degli Arenili. Sar\u00e0 discussa la richiesta pervenuta al Comune di Andora di utilizzo come area demaniale marittima di preminente interesse nazionale di una porzione di arenile accanto alla Sla, senza alterare la percentuale del 50% della spiaggia libera da ogni attrezzatura a disposizione della Spiaggia libera attrezzata, e una modifica delle Norme Tecniche Attuative, al fine di permettere ad uno stabilimento balneare, previo ottenimento dei necessari titoli autorizzativi, anche demaniali, di mantenere un numero superiore alle 15 unit\u00e0 di cabine per i servizi di elioterapia, in deroga alle Linee Guida per l&#8217;apertura degli stabilimenti balneari.<\/p>\n<p>&#8220;L&#8217;elioterapia \u00e8 un ottima opportunit\u00e0 per valorizzare il nostro bel litorale anche fuori stagione \u2013 dice Mauro Demichelis \u2013. Ogni possibilit\u00e0 che la Regione ci dar\u00e0 per ampliare questa attrattiva turistica ci vede favorevoli&#8221;.<\/p>\n","protected":false},"excerpt":{"rendered":"<p>Verr\u00e0 realizzata nell&#8217;ambito del progetto di valorizzazione della zona ex Ariston<\/p>\n","protected":false},"author":2394,"featured_media":0,"comment_status":"open","ping_status":"closed","sticky":false,"template":"","format":"standard","meta":{"footnotes":""},"categories":[45296,56],"tags":[46280],"class_list":["post-419629","post","type-post","status-publish","format-standard","hentry","category-copertina","category-altre","tag-spiaggia-cani","post_cat_citta-andora"],"amp_validity":null,"amp_enabled":true,"_links":{"self":[{"href":"https:\/\/staging.ivg.it\/ediapi\/wp\/v2\/posts\/419629","targetHints":{"allow":["GET"]}}],"collection":[{"href":"https:\/\/staging.ivg.it\/ediapi\/wp\/v2\/posts"}],"about":[{"href":"https:\/\/staging.ivg.it\/ediapi\/wp\/v2\/types\/post"}],"author":[{"embeddable":true,"href":"https:\/\/staging.ivg.it\/ediapi\/wp\/v2\/users\/2394"}],"replies":[{"embeddable":true,"href":"https:\/\/staging.ivg.it\/ediapi\/wp\/v2\/comments?post=419629"}],"version-history":[{"count":0,"href":"https:\/\/staging.ivg.it\/ediapi\/wp\/v2\/posts\/419629\/revisions"}],"wp:attachment":[{"href":"https:\/\/staging.ivg.it\/ediapi\/wp\/v2\/media?parent=419629"}],"wp:term":[{"taxonomy":"category","embeddable":true,"href":"https:\/\/staging.ivg.it\/ediapi\/wp\/v2\/categories?post=419629"},{"taxonomy":"post_tag","embeddable":true,"href":"https:\/\/staging.ivg.it\/ediapi\/wp\/v2\/tags?post=419629"}],"curies":[{"name":"wp","href":"https:\/\/api.w.org\/{rel}","templated":true}]}}