{"id":419624,"date":"2017-09-16T15:18:49","date_gmt":"2017-09-16T13:18:49","guid":{"rendered":"http:\/\/www.ivg.it\/?p=419624"},"modified":"2017-09-16T15:18:49","modified_gmt":"2017-09-16T13:18:49","slug":"presepe-degli-abissi-iniziata-la-realizzazione-della-scultura-della-madonna","status":"publish","type":"post","link":"https:\/\/staging.ivg.it\/2017\/09\/presepe-degli-abissi-iniziata-la-realizzazione-della-scultura-della-madonna\/","title":{"rendered":"Presepe degli abissi, iniziata la realizzazione della scultura della Madonna"},"content":{"rendered":"<p><strong>Albisola Superiore.<\/strong> Entra sempre pi\u00f9 nel vivo l&#8217;ambizioso progetto de &#8220;Il presepe degli Abissi&#8221;: l&#8217;artista Laura Romano e le sue collaboratrici del Laboratorio di ceramica creativa di Piazza Martiri a Savona hanno iniziato la realizzazione della Madonna a dimensioni naturali.<\/p>\n<p>&#8220;Il progetto punta ad essere una grande attrattiva artistica, religiosa e turistica: un presepe sommerso rappresenta la fusione delle tradizione ceramica locale e della principale forma di turismo che caratterizzano il territorio. Due elementi imprescindibili per le Albisole che si incontrano in modo eclatante, originale e unico&#8221; spiegano i promotori dell&#8217;iniziativa.<\/p>\n<p>&#8220;L&#8217;argilla utilizzata, dell&#8217;azienda veneta Ceramiche Cecchetto con cui l&#8217;associazione presepe degli Abissi ha trovato una collaborazione, e la scultura si sta attenendo allo stile macaco classico delle Albissole. La scultura, che finita avr\u00e0 un&#8217;altezza di un metro e sessanta, verr\u00e0 realizzata in tre parti che verranno assemblate: verr\u00e0 posizionata a 200 metri dalla riva a 6 metri di profondit\u00e0 davanti ai bagni Golden Beach di Albissola&#8221; spiegano gli ideatori del Presepe degli Abissi.<\/p>\n<p>L&#8217;artista Laura Romano insegna da oltre 30 anni l&#8217;arte della ceramica e insieme al suo staff \u00e8 salita sul podio per 7 anni consecutivi nell&#8217;evento &#8220;presepi in grotta a Villanova di Mondov\u00ec&#8221; e ha realizzato alcuni anni fa le litanie, una serie di 53 Madonne alte 70 centimetri che sono stati esposte in diversi santuari e luoghi di culto tra cui anche la Cappella Sistina di Savona.<\/p>\n<p>&#8220;\u00c8 bellissimo vedere lavorare l&#8217;artista Laura Romano e il Suo staff, con grande passione ed entusiasmo&#8221; spiega Diego Gambaretto, segretario dell&#8217;associazione La Casa delle Arti, responsabile dell&#8217;associazione Presepe degli Abissi per ci\u00f2 che riguarda i rapporti con gli artisti.<\/p>\n<p>Laura Romano, nata a Savona, dove vive e lavora,dopo aver conseguito la maturita&#8217; artistica ed aver ricevuto il diploma di merito nel 1772, si perfeziona nel campo della ceramica modellata,aprendo tra l&#8217;altro nel 1992 il &#8220;Laboratorio di ceramica creativa&#8221; in Piazza Martiri della Libert\u00e0 a Savona, che dirige tutt&#8217;ora. Ha insegnato ceramica modellata in vari enti e scuole, tra i quali la casa circondariale di Savona, la scuola Rossello,l&#8217;AISM e la scuola comunale di ceramica di Albisola Superiore per corsi di nudo femminile.<\/p>\n<p>Le sue opere sono custodite presso collezioni pubbliche, private, enti e musei. Dal gennaio 2010 alcune sue opere sono in esposizione permanente all &#8220;Art Gallery&#8221; di Torino. All&#8217;indirizzo <a href=\"http:\/\/dona.presepedegliabissialbisola.it\" target=\"_blank\">http:\/\/dona.presepedegliabissialbisola.it<\/a> \u00e8 possibile fare una donazione, anche solo di 2 euro, per il progetto del &#8220;Presepe degli Abissi di Albisola&#8221;<\/p>\n","protected":false},"excerpt":{"rendered":"<p>Sar\u00e0 realizzata dall&#8217;artista Laura Romano: sar\u00e0 alta un metro e sessanta<\/p>\n","protected":false},"author":2394,"featured_media":0,"comment_status":"open","ping_status":"closed","sticky":false,"template":"","format":"standard","meta":{"footnotes":""},"categories":[56],"tags":[76964],"class_list":["post-419624","post","type-post","status-publish","format-standard","hentry","category-altre","tag-presepe-degli-abissi","post_cat_citta-albisola-superiore","post_cat_citta-albissola-marina"],"amp_validity":null,"amp_enabled":true,"_links":{"self":[{"href":"https:\/\/staging.ivg.it\/ediapi\/wp\/v2\/posts\/419624","targetHints":{"allow":["GET"]}}],"collection":[{"href":"https:\/\/staging.ivg.it\/ediapi\/wp\/v2\/posts"}],"about":[{"href":"https:\/\/staging.ivg.it\/ediapi\/wp\/v2\/types\/post"}],"author":[{"embeddable":true,"href":"https:\/\/staging.ivg.it\/ediapi\/wp\/v2\/users\/2394"}],"replies":[{"embeddable":true,"href":"https:\/\/staging.ivg.it\/ediapi\/wp\/v2\/comments?post=419624"}],"version-history":[{"count":0,"href":"https:\/\/staging.ivg.it\/ediapi\/wp\/v2\/posts\/419624\/revisions"}],"wp:attachment":[{"href":"https:\/\/staging.ivg.it\/ediapi\/wp\/v2\/media?parent=419624"}],"wp:term":[{"taxonomy":"category","embeddable":true,"href":"https:\/\/staging.ivg.it\/ediapi\/wp\/v2\/categories?post=419624"},{"taxonomy":"post_tag","embeddable":true,"href":"https:\/\/staging.ivg.it\/ediapi\/wp\/v2\/tags?post=419624"}],"curies":[{"name":"wp","href":"https:\/\/api.w.org\/{rel}","templated":true}]}}