{"id":419596,"date":"2017-09-16T08:36:14","date_gmt":"2017-09-16T06:36:14","guid":{"rendered":"http:\/\/www.ivg.it\/?p=419596"},"modified":"2017-09-16T09:02:48","modified_gmt":"2017-09-16T07:02:48","slug":"camion-traverso-varazze-ed-arenzano-code-rallentamenti-direzione-genova","status":"publish","type":"post","link":"https:\/\/staging.ivg.it\/2017\/09\/camion-traverso-varazze-ed-arenzano-code-rallentamenti-direzione-genova\/","title":{"rendered":"Camion di traverso tra Varazze ed Arenzano: sulla A10 code e rallentamenti in direzione Genova"},"content":{"rendered":"<p><strong>Varazze<\/strong>. Ha creato non pochi disagi al traffico l&#8217;incidente avvenuto questa mattina all&#8217;alba lungo l&#8217;A10 tra i caselli di Varazze ed Arenzano in direzione Genova.<\/p>\n<p>Secondo quanto accertato, intorno alle 7 di stamattina un camion sarebbe andato a sbattere contro un cuspide autostradale posto all&#8217;altezza dell&#8217;ingresso nell&#8217;area di servizio di Varazze. L&#8217;impatto ha fatto mettere \u201cdi traverso\u201d il mezzo pesante, che in questo modo \u00e8 andato ad occupare la gran parte della carreggiata. Il camion, inoltre, ha perso una certa quantit\u00e0 di olio, che si \u00e8 riversato sull&#8217;asfalto.<\/p>\n<p>Sul posto sono intervenuti i vigili del fuoco, la polstrada ed il personale delle Autostrade, che si sono subito messi al lavoro per ripristinare la viabilit\u00e0 lungo il tratto. L&#8217;incidente, comunque, ha creato code e rallentamenti tra Celle Ligure ed Arenzano.<\/p>\n","protected":false},"excerpt":{"rendered":"<p>Sul posto sono intervenuti i vigili del fuoco, la polstrada ed il personale delle Autostrade<\/p>\n","protected":false},"author":12120,"featured_media":0,"comment_status":"open","ping_status":"closed","sticky":false,"template":"","format":"standard","meta":{"footnotes":""},"categories":[45296,34],"tags":[50458,3481,618],"class_list":["post-419596","post","type-post","status-publish","format-standard","hentry","category-copertina","category-cronaca","tag-autostrada-a10","tag-polizia-stradale","tag-vigili-del-fuoco","post_cat_citta-varazze"],"amp_validity":null,"amp_enabled":true,"_links":{"self":[{"href":"https:\/\/staging.ivg.it\/ediapi\/wp\/v2\/posts\/419596","targetHints":{"allow":["GET"]}}],"collection":[{"href":"https:\/\/staging.ivg.it\/ediapi\/wp\/v2\/posts"}],"about":[{"href":"https:\/\/staging.ivg.it\/ediapi\/wp\/v2\/types\/post"}],"author":[{"embeddable":true,"href":"https:\/\/staging.ivg.it\/ediapi\/wp\/v2\/users\/12120"}],"replies":[{"embeddable":true,"href":"https:\/\/staging.ivg.it\/ediapi\/wp\/v2\/comments?post=419596"}],"version-history":[{"count":0,"href":"https:\/\/staging.ivg.it\/ediapi\/wp\/v2\/posts\/419596\/revisions"}],"wp:attachment":[{"href":"https:\/\/staging.ivg.it\/ediapi\/wp\/v2\/media?parent=419596"}],"wp:term":[{"taxonomy":"category","embeddable":true,"href":"https:\/\/staging.ivg.it\/ediapi\/wp\/v2\/categories?post=419596"},{"taxonomy":"post_tag","embeddable":true,"href":"https:\/\/staging.ivg.it\/ediapi\/wp\/v2\/tags?post=419596"}],"curies":[{"name":"wp","href":"https:\/\/api.w.org\/{rel}","templated":true}]}}