{"id":41958,"date":"2008-11-25T15:03:22","date_gmt":"2008-11-25T14:03:22","guid":{"rendered":"http:\/\/www.ivg.it\/2008\/11\/25\/crisi-in-provincia-ed-effetti-negativi-per-il-territorio-bertolotto-il-caso-albenga\/"},"modified":"2008-11-26T10:20:55","modified_gmt":"2008-11-26T09:20:55","slug":"crisi-in-provincia-ed-effetti-negativi-per-il-territorio-bertolotto-il-caso-albenga","status":"publish","type":"post","link":"https:\/\/staging.ivg.it\/2008\/11\/crisi-in-provincia-ed-effetti-negativi-per-il-territorio-bertolotto-il-caso-albenga\/","title":{"rendered":"Crisi in Provincia ed effetti negativi per il territorio, Bertolotto: &#8220;il caso Albenga&#8221;"},"content":{"rendered":"<p><strong>[thumb:3159:l]Provincia.<\/strong> &#8220;Mentre chi ha provocato la crisi in Provincia \u00e8 tutto preso dalle strategie e dalle candidature, il nostro territorio subisce i primi pesanti effetti della fine anticipata dell&#8217;amministrazione provinciale&#8221;. Sono le parole dell&#8217;ex presidente della Provincia di Savona Marco Bertolotto, che ha lanciato la sua campagna elettorale per le provinciali lavorando alla costituzione del movimento &#8220;Libert\u00e0 Civica&#8221;, una rete di liste civiche del Nord Italia.<\/p>\n<p>L&#8217;ex presidente Marco Bertolotto prende il caso dell&#8217;industria Testa di Alberga, e afferma: &#8220;la giunta provinciale, nella mia persona e in quelle degli assessori Paliotto e Peluffo si era impegnata con determinazione per un suo salvataggio. Ora &#8211; spiega Bertolotto &#8211; quando si era arrivati a un passo dalla soluzione, tutto \u00e8 nuovamente precipitato con gravissime conseguenze per i lavoratori, l&#8217;imprenditoria e l&#8217;economia locale. Ma con il risultato, che non va sottaciuto, di consentire a qualcuno di speculare su questa vicenda, mentre \u00e8 ormai noto e assodato come l&#8217;innovazione dei territori, nelle societ\u00e0 moderne, avviene tramite lo sviluppo delle imprese&#8221;.<\/p>\n<p>Altro esempio il polo scolastico albenganese: &#8220;L&#8217;iter rischia di subire un blocco. Vorrei sbagliarmi &#8211; aggiunge l&#8217;ex presidente &#8211; ma sono convinto che sul fronte del Polo tutto rimarr\u00e0 fermo per parecchi mesi, nella migliore delle ipotesi&#8221;.<\/p>\n<p>Agli atteggiamenti &#8220;motivati unicamente dalla necessit\u00e0 di riaffermare leadership di partito e personali come quelle che hanno fatto aprire alla sinistra la crisi&#8221; Bertolotto oppone ancora un fatto concreto. E ancora una volta sul territorio ingauno: &#8220;Se \u00e8 vero che la vicenda dell&#8217;urbanizzazione dell&#8217;Ortofrutticola necessit\u00e0, giorno dopo giorno, di una regia sovracomunale per superare le resistenze in alcuni settori dell&#8217;amministrazione civica, \u00e8 altrettanto vero che in seguito alla crisi la Provincia non pu\u00f2 pi\u00f9 esercitare questo ruolo determinante&#8221;.<\/p>\n","protected":false},"excerpt":{"rendered":"<p>[thumb:3159:l]Provincia. &#8220;Mentre chi ha provocato la crisi in Provincia \u00e8 tutto preso dalle strategie e dalle candidature, il nostro territorio subisce i primi pesanti effetti della fine anticipata dell&#8217;amministrazione provinciale&#8221;. Sono le parole dell&#8217;ex presidente della Provincia di Savona Marco Bertolotto, che ha lanciato la sua campagna elettorale per le provinciali lavorando alla costituzione del [&hellip;]<\/p>\n","protected":false},"author":4,"featured_media":0,"comment_status":"open","ping_status":"closed","sticky":false,"template":"","format":"standard","meta":{"footnotes":""},"categories":[31],"tags":[85841,4331,376,2914,375,4330],"class_list":["post-41958","post","type-post","status-publish","format-standard","hentry","category-politica","tag-albenga","tag-amministrazione","tag-bertolotto","tag-lista","tag-provincia","tag-testa","post_cat_citta-andora","post_cat_citta-savona"],"amp_validity":null,"amp_enabled":true,"_links":{"self":[{"href":"https:\/\/staging.ivg.it\/ediapi\/wp\/v2\/posts\/41958","targetHints":{"allow":["GET"]}}],"collection":[{"href":"https:\/\/staging.ivg.it\/ediapi\/wp\/v2\/posts"}],"about":[{"href":"https:\/\/staging.ivg.it\/ediapi\/wp\/v2\/types\/post"}],"author":[{"embeddable":true,"href":"https:\/\/staging.ivg.it\/ediapi\/wp\/v2\/users\/4"}],"replies":[{"embeddable":true,"href":"https:\/\/staging.ivg.it\/ediapi\/wp\/v2\/comments?post=41958"}],"version-history":[{"count":0,"href":"https:\/\/staging.ivg.it\/ediapi\/wp\/v2\/posts\/41958\/revisions"}],"wp:attachment":[{"href":"https:\/\/staging.ivg.it\/ediapi\/wp\/v2\/media?parent=41958"}],"wp:term":[{"taxonomy":"category","embeddable":true,"href":"https:\/\/staging.ivg.it\/ediapi\/wp\/v2\/categories?post=41958"},{"taxonomy":"post_tag","embeddable":true,"href":"https:\/\/staging.ivg.it\/ediapi\/wp\/v2\/tags?post=41958"}],"curies":[{"name":"wp","href":"https:\/\/api.w.org\/{rel}","templated":true}]}}