{"id":419488,"date":"2017-09-14T16:40:18","date_gmt":"2017-09-14T14:40:18","guid":{"rendered":"http:\/\/www.ivg.it\/?p=419488"},"modified":"2017-09-14T16:43:39","modified_gmt":"2017-09-14T14:43:39","slug":"brignone-sbaraglia-la-concorrenza-tricolore-suo","status":"publish","type":"post","link":"https:\/\/staging.ivg.it\/2017\/09\/brignone-sbaraglia-la-concorrenza-tricolore-suo\/","title":{"rendered":"Brignone sbaraglia la concorrenza: il tricolore \u00e8 suo"},"content":{"rendered":"<p><strong>Valerio Brignone \u00e8 il nuovo campione italiano master sui 10 km.<\/strong> Il podista millesimese, che corre con i colori della genovese Cambiaso Risso, ha prevalso sui rivali nella prova di Dalmine, in provincia di Bergamo. Una gara difficile lungo un anello da ripetere per tre volte, che vedeva al via ben 800 atleti.<\/p>\n<p><strong>Alla fine Brignone ha vinto con il tempo di 33\u201904\u201d<\/strong> rifilando ben 27\u201d a Mohamed Errami, suo diretto rivale e secondo di categoria che ha dovuto cedere il passo intorno al sesto chilometro, quando il ligure ha sferrato l\u2019attacco che si \u00e8 rivelato alla fine decisivo. Alla fine per Brignone la soddisfazione del secondo posto assoluto, dietro al pi\u00f9 giovane Said Boudalia, vincitore della competizione. La vittoria di Brignone \u00e8 stata decisiva per far salire la Cambiaso Risso al terzo posto assoluto nella classifica per societ\u00e0. Buone prove anche per Pasquale De Martino che finisce 14\u00b0, mentre Cirino Bacconi \u00e8 21\u00b0.<\/p>\n<p>Fra i savonesi si registra poi l\u2019exploit di <strong>Gabriella Martini<\/strong> che \u00e8 giunta seconda fra le F65, sfiorando la vittoria, distante solamente 5\u201d. Pi\u00f9 dietro Clara Rivera dell\u2019Atletica Cairo che chiude al 17\u00b0 posto, mentre Elena Spallina \u00e8 21^ sempre con i colori della Cambiaso Risso.<\/p>\n","protected":false},"excerpt":{"rendered":"<p>Il millesimese vince nella 10 km di Dalmine la classifica di categoria con una prova di grande intelligenza e audacia<\/p>\n","protected":false},"author":12632,"featured_media":0,"comment_status":"open","ping_status":"closed","sticky":false,"template":"","format":"standard","meta":{"footnotes":""},"categories":[45296,47716,32],"tags":[1810,176],"class_list":["post-419488","post","type-post","status-publish","format-standard","hentry","category-copertina","category-atletica-sport","category-sport","tag-atletica","tag-podismo","post_cat_citta-albisola-superiore","post_cat_citta-savona","post_tag_personaggi-gabriella-martini","post_tag_personaggi-valerio-brignone"],"amp_validity":null,"amp_enabled":true,"_links":{"self":[{"href":"https:\/\/staging.ivg.it\/ediapi\/wp\/v2\/posts\/419488","targetHints":{"allow":["GET"]}}],"collection":[{"href":"https:\/\/staging.ivg.it\/ediapi\/wp\/v2\/posts"}],"about":[{"href":"https:\/\/staging.ivg.it\/ediapi\/wp\/v2\/types\/post"}],"author":[{"embeddable":true,"href":"https:\/\/staging.ivg.it\/ediapi\/wp\/v2\/users\/12632"}],"replies":[{"embeddable":true,"href":"https:\/\/staging.ivg.it\/ediapi\/wp\/v2\/comments?post=419488"}],"version-history":[{"count":0,"href":"https:\/\/staging.ivg.it\/ediapi\/wp\/v2\/posts\/419488\/revisions"}],"wp:attachment":[{"href":"https:\/\/staging.ivg.it\/ediapi\/wp\/v2\/media?parent=419488"}],"wp:term":[{"taxonomy":"category","embeddable":true,"href":"https:\/\/staging.ivg.it\/ediapi\/wp\/v2\/categories?post=419488"},{"taxonomy":"post_tag","embeddable":true,"href":"https:\/\/staging.ivg.it\/ediapi\/wp\/v2\/tags?post=419488"}],"curies":[{"name":"wp","href":"https:\/\/api.w.org\/{rel}","templated":true}]}}