{"id":41894,"date":"2008-11-25T08:20:12","date_gmt":"2008-11-25T07:20:12","guid":{"rendered":"http:\/\/www.ivg.it\/2008\/11\/25\/varazze-costituito-tavolo-di-lavoro-per-gli-stati-generali-del-pdl\/"},"modified":"2008-11-25T15:20:58","modified_gmt":"2008-11-25T14:20:58","slug":"varazze-costituito-tavolo-di-lavoro-per-gli-stati-generali-del-pdl","status":"publish","type":"post","link":"https:\/\/staging.ivg.it\/2008\/11\/varazze-costituito-tavolo-di-lavoro-per-gli-stati-generali-del-pdl\/","title":{"rendered":"Varazze, costituito tavolo di lavoro per gli stati generali del Pdl"},"content":{"rendered":"<p><strong>[thumb:4165:l]Varazze<\/strong>. In vista degli stati generali di Varazze, il 12 e 13 dicembre, quando sar\u00e0 formato il coordinamento regionale del Popolo delle Libert\u00e0, \u00e8 stato costituito un tavolo permanente con il compito di coordinare le iniziative politiche. La decisione \u00e8 stata formalizzata nel corso di una riunione svoltasi tra l&#8217;onorevole Michele Scandroglio, Eugenio Minasso, Gianni Barci, Vittorio Adolfo, Susy De Martini, Nicola Abbundo e Sergio Catozzo.<\/p>\n<p>I partecipanti alla riunione &#8220;alla luce dei futuri appuntamenti &#8211; si legge in una nota &#8211; si impegnano ad operare all&#8217;insegna del Popolo della Libert\u00e0, convenendo di rendere permanente questo tavolo al fine di coordinare puntualmente gli avvenimenti organizzativi prossimi venturi. Nel contempo si \u00e8 deciso di darsi appuntamento agli stati generali di Varazze, il 12 e 13 dicembre 2008, dove verr\u00e0 costituito il Coordinamento regionale del Pdl rappresentativo dell&#8217;intero territtorio regionale, delle personalit\u00e0 presenti in ambito ligure e di tutte le esperienze culturali maturate in questo periodo&#8221;.<\/p>\n<p>&#8220;Al ministro Claudio Scajola, riferimento naturale di quest&#8217;area politica a livello nazionale &#8211; conclude la nota &#8211; \u00e8 fatto l&#8217;invito di voler presiedere il suddetto organismo&#8221;.<\/p>\n","protected":false},"excerpt":{"rendered":"<p>[thumb:4165:l]Varazze. In vista degli stati generali di Varazze, il 12 e 13 dicembre, quando sar\u00e0 formato il coordinamento regionale del Popolo delle Libert\u00e0, \u00e8 stato costituito un tavolo permanente con il compito di coordinare le iniziative politiche. La decisione \u00e8 stata formalizzata nel corso di una riunione svoltasi tra l&#8217;onorevole Michele Scandroglio, Eugenio Minasso, Gianni [&hellip;]<\/p>\n","protected":false},"author":5,"featured_media":0,"comment_status":"open","ping_status":"closed","sticky":false,"template":"","format":"standard","meta":{"footnotes":""},"categories":[31],"tags":[1751,505,3205,216,3137],"class_list":["post-41894","post","type-post","status-publish","format-standard","hentry","category-politica","tag-an","tag-forza-italia","tag-michele-scandroglio","tag-pdl","tag-stati-generali","post_cat_citta-andora","post_cat_citta-varazze"],"amp_validity":null,"amp_enabled":true,"_links":{"self":[{"href":"https:\/\/staging.ivg.it\/ediapi\/wp\/v2\/posts\/41894","targetHints":{"allow":["GET"]}}],"collection":[{"href":"https:\/\/staging.ivg.it\/ediapi\/wp\/v2\/posts"}],"about":[{"href":"https:\/\/staging.ivg.it\/ediapi\/wp\/v2\/types\/post"}],"author":[{"embeddable":true,"href":"https:\/\/staging.ivg.it\/ediapi\/wp\/v2\/users\/5"}],"replies":[{"embeddable":true,"href":"https:\/\/staging.ivg.it\/ediapi\/wp\/v2\/comments?post=41894"}],"version-history":[{"count":0,"href":"https:\/\/staging.ivg.it\/ediapi\/wp\/v2\/posts\/41894\/revisions"}],"wp:attachment":[{"href":"https:\/\/staging.ivg.it\/ediapi\/wp\/v2\/media?parent=41894"}],"wp:term":[{"taxonomy":"category","embeddable":true,"href":"https:\/\/staging.ivg.it\/ediapi\/wp\/v2\/categories?post=41894"},{"taxonomy":"post_tag","embeddable":true,"href":"https:\/\/staging.ivg.it\/ediapi\/wp\/v2\/tags?post=41894"}],"curies":[{"name":"wp","href":"https:\/\/api.w.org\/{rel}","templated":true}]}}