{"id":418755,"date":"2017-09-04T12:23:45","date_gmt":"2017-09-04T10:23:45","guid":{"rendered":"http:\/\/www.ivg.it\/?p=418755"},"modified":"2017-09-04T13:14:24","modified_gmt":"2017-09-04T11:14:24","slug":"city-angels-ad-albenga-meta-settembre-primi-volontari","status":"publish","type":"post","link":"https:\/\/staging.ivg.it\/2017\/09\/city-angels-ad-albenga-meta-settembre-primi-volontari\/","title":{"rendered":"I City Angels ad Albenga, da met\u00e0 settembre i primi volontari"},"content":{"rendered":"<p><strong>Albenga.<\/strong> I City Angels sono arrivati anche ad Albenga. Dopo mesi di preparativi \u00e8 giunto il momento tanto atteso: da met\u00e0 settembre, dopo l&#8217;incontro con le istituzioni, i primi City Angels saranno operativi sulle strade della citt\u00e0.<\/p>\n<p>Sabato 9 e domenica 10 settembre presso il Centro Giovani (ex Cinema Astor) in piazza Corridoni 1 si svolger\u00e0 il corso di formazione per i primi otto volontari. &#8220;A questi 8 se ne aggiungeranno presto altri&#8221;, assicura Adriano Crozza, coordinatore dei City Angels ingauni.<\/p>\n<p>Il corso sar\u00e0 tenuto direttamente da Mario Furlan, che nel 1994 ha fondato i City Angels a Milano. Oggi i volontari in basco blu e maglietta rossa sono presenti in 20 citt\u00e0 italiane e a Lugano, in Svizzera. La loro missione \u00e8 aiutare chiunque sia in difficolt\u00e0, a cominciare dai senzatetto, e prevenire e contrastare la criminalit\u00e0 in collaborazione con le istituzioni.<\/p>\n<p>Per partecipare al corso serve scrivere ad albenga@cityangels.it, avere la fedina penale pulita e fare un colloquio psicoattitudinale con il coordinatore Crozza. &#8220;Cerchiamo persone, donne e uomini, motivati, pacati e che siano capaci di conservare calma e sangue freddo anche in situazioni difficili&#8221;, spiega Furlan.<\/p>\n<p>Nel corso si impara tutto ci\u00f2 che serve per essere volontari di strada d&#8217;emergenza: nozioni di psicologia e comunicazione, primo soccorso, tecniche di squadra, nozioni giuridiche e wilding, l&#8217;autodifesa istintiva creata dallo stesso Furlan. Alle ore 18 di domenica 10 Furlan consegner\u00e0 divise e tesserini da City Angel ai volontari che avranno seguito il corso e superato l&#8217;esame finale. Sar\u00e0 presente un esponente dell&#8217;amministrazione comunale, che dar\u00e0 il benvenuto ai nuovi Angeli della strada.<\/p>\n","protected":false},"excerpt":{"rendered":"<p>Il 9 e 10 settembre corso di formazione per otto aspiranti Angeli della strada<\/p>\n","protected":false},"author":11510,"featured_media":0,"comment_status":"open","ping_status":"closed","sticky":false,"template":"","format":"standard","meta":{"footnotes":""},"categories":[56],"tags":[68280,848,22904,9026],"class_list":["post-418755","post","type-post","status-publish","format-standard","hentry","category-altre","tag-centro-giovani-albenga","tag-cinema-astor","tag-city-angels","tag-corsi-di-formazione","post_cat_citta-albenga","post_tag_personaggi-adriano-crozza","post_tag_personaggi-mario-furlan"],"amp_validity":null,"amp_enabled":true,"_links":{"self":[{"href":"https:\/\/staging.ivg.it\/ediapi\/wp\/v2\/posts\/418755","targetHints":{"allow":["GET"]}}],"collection":[{"href":"https:\/\/staging.ivg.it\/ediapi\/wp\/v2\/posts"}],"about":[{"href":"https:\/\/staging.ivg.it\/ediapi\/wp\/v2\/types\/post"}],"author":[{"embeddable":true,"href":"https:\/\/staging.ivg.it\/ediapi\/wp\/v2\/users\/11510"}],"replies":[{"embeddable":true,"href":"https:\/\/staging.ivg.it\/ediapi\/wp\/v2\/comments?post=418755"}],"version-history":[{"count":0,"href":"https:\/\/staging.ivg.it\/ediapi\/wp\/v2\/posts\/418755\/revisions"}],"wp:attachment":[{"href":"https:\/\/staging.ivg.it\/ediapi\/wp\/v2\/media?parent=418755"}],"wp:term":[{"taxonomy":"category","embeddable":true,"href":"https:\/\/staging.ivg.it\/ediapi\/wp\/v2\/categories?post=418755"},{"taxonomy":"post_tag","embeddable":true,"href":"https:\/\/staging.ivg.it\/ediapi\/wp\/v2\/tags?post=418755"}],"curies":[{"name":"wp","href":"https:\/\/api.w.org\/{rel}","templated":true}]}}