{"id":418070,"date":"2017-08-25T08:49:46","date_gmt":"2017-08-25T06:49:46","guid":{"rendered":"http:\/\/www.ivg.it\/?p=418070"},"modified":"2017-08-25T08:50:37","modified_gmt":"2017-08-25T06:50:37","slug":"albisola-serata-gastronomia-ceramica-capo-notte","status":"publish","type":"post","link":"https:\/\/staging.ivg.it\/2017\/08\/albisola-serata-gastronomia-ceramica-capo-notte\/","title":{"rendered":"Albisola, serata di gastronomia e ceramica con \u201cCapo di notte\u201d"},"content":{"rendered":"<p><strong>Albisola Superiore.<\/strong> Marted\u00ec 29 agosto ad Albisola Superiore quarto appuntamento con la notte bianca di \u201cCapo di notte &#8211; La cena del Pescatore\u201d, un percorso gastronomico che si snoda lungo le vie del borgo in localit\u00e0 Capo con shopping, esposizioni, esibizioni e punti di ristoro.<\/p>\n<p>L\u2019appuntamento di marted\u00ec sar\u00e0 le vera novit\u00e0 dell\u2019edizione 2017: una serata all\u2019insegna della gastronomia e della ceramica, dal titolo \u201cMangemmu in tu piattu!\u201d durante la quale maestri ceramisti, decoratori e scultori dell\u2019argilla saranno impegnati dal vivo a dare forma e colore ai loro manufatti.<\/p>\n<p>L\u2019Associazione Ceramisti di Albisola metter\u00e0 in vendita piatti ceramici d\u2019artista, creati per l\u2019occasione, nei quali potranno essere degustate le specialit\u00e0 a tema preparate dai bar e dai ristoranti aderenti all\u2019iniziativa. Completeranno l\u2019iniziativa una esposizione di Fiat 500 e di scooter Vespa nella piazza della Scacchiera e la lettura di poesie in dialetto in piazza del Talian.<\/p>\n<p>La serata \u00e8 a cura dell\u2019Associazione ATS U Vascellu, CIAC e ASCOM, con il patrocinio e il contributo del Comune di Albisola Superiore.<\/p>\n","protected":false},"excerpt":{"rendered":"<p>L&#8217;evento si snoda lungo le vie del borgo in localit\u00e0 Capo con shopping, esposizioni, esibizioni e punti di ristoro<\/p>\n","protected":false},"author":2394,"featured_media":0,"comment_status":"open","ping_status":"closed","sticky":false,"template":"","format":"standard","meta":{"footnotes":""},"categories":[56],"tags":[95858],"class_list":["post-418070","post","type-post","status-publish","format-standard","hentry","category-altre","tag-capo-di-notte","post_cat_citta-albisola-superiore"],"amp_validity":null,"amp_enabled":true,"_links":{"self":[{"href":"https:\/\/staging.ivg.it\/ediapi\/wp\/v2\/posts\/418070","targetHints":{"allow":["GET"]}}],"collection":[{"href":"https:\/\/staging.ivg.it\/ediapi\/wp\/v2\/posts"}],"about":[{"href":"https:\/\/staging.ivg.it\/ediapi\/wp\/v2\/types\/post"}],"author":[{"embeddable":true,"href":"https:\/\/staging.ivg.it\/ediapi\/wp\/v2\/users\/2394"}],"replies":[{"embeddable":true,"href":"https:\/\/staging.ivg.it\/ediapi\/wp\/v2\/comments?post=418070"}],"version-history":[{"count":0,"href":"https:\/\/staging.ivg.it\/ediapi\/wp\/v2\/posts\/418070\/revisions"}],"wp:attachment":[{"href":"https:\/\/staging.ivg.it\/ediapi\/wp\/v2\/media?parent=418070"}],"wp:term":[{"taxonomy":"category","embeddable":true,"href":"https:\/\/staging.ivg.it\/ediapi\/wp\/v2\/categories?post=418070"},{"taxonomy":"post_tag","embeddable":true,"href":"https:\/\/staging.ivg.it\/ediapi\/wp\/v2\/tags?post=418070"}],"curies":[{"name":"wp","href":"https:\/\/api.w.org\/{rel}","templated":true}]}}