{"id":417867,"date":"2017-08-22T15:53:53","date_gmt":"2017-08-22T13:53:53","guid":{"rendered":"http:\/\/www.ivg.it\/?p=417867"},"modified":"2017-08-22T15:53:53","modified_gmt":"2017-08-22T13:53:53","slug":"ceriale-pronto-la-36-edizione-libri-liguria-degli-amici-peagna","status":"publish","type":"post","link":"https:\/\/staging.ivg.it\/2017\/08\/ceriale-pronto-la-36-edizione-libri-liguria-degli-amici-peagna\/","title":{"rendered":"Ceriale, tutto pronto per la 36^ edizione di &#8220;Libri di Liguria&#8221; degli Amici di Peagna"},"content":{"rendered":"<p><strong>Ceriale<\/strong>. Prender\u00e0 il via questo fine settimana la 36^ edizione di \u201cLibri di Liguria\u201d, la rassegna letteraria curata dall&#8217;associazione \u201cAmici di Peagna\u201d.<\/p>\n<p>Alle 21 di sabato 26 agosto \u00e8 prevista la proiezione del docufilm &#8220;Pi\u00f9 libero di prima&#8221; di Adriano Sforzi e con la presenza di Tomaso Bruno. Sar\u00e0 un&#8217;occasione per conoscere dal vivo una storia, come quella della detenzione di Tomaso in India, che ha impressionato e preoccupato Albenga e tutta l&#8217;Italia. Un modo per riflettere sul senso della libert\u00e0, ma anche sulla giustizia e sul valore della cooperazione internazionale.<\/p>\n<p>L&#8217;inaugurazione della rassegna e la premiazione del libro ligure dell&#8217;anno avverranno domenica 27 agosto. Alle 20.15 in Casa Girardenghi ci sar\u00e0 la cerimonia di apertura della rassegna libraria, mentre alle 21 presso l&#8217;auditorium verr\u00e0 assegnato il Premio Anthia 2017 a Graziano Mamone per il libro &#8220;Guerra alla grande guerra: la galassia dissidente tra basso Piemonte, Liguria di ponente e Provenza 1914-1918&#8221;.<\/p>\n<p>Dice il presidente Stefano Roascio &#8220;Questo libro rappresenta un modo alternativo per ricordare la Grande Guerra, partendo una volta tanto dal punto di vista di chi a quella &#8216;inutile strage&#8217; si \u00e8 opposto con tutte le proprie forze e rischiando spesso la propria vita per affermare ideali di pace e solidariet\u00e0 internazionale che dalla Prima Guerra Mondiale in avanti nel &#8216;secolo breve&#8217; hanno trovato ben poco spazio. Si tratta di una ricerca rigorosa e appassionata che in un momento di tensioni internazionali, come quello che stiamo vivendo, ci ricorda quanto sia importante e necessario preservare la pace a tutti i costi&#8221;.<\/p>\n<p>Alle 21.30 nell&#8217;auditorium ci sar\u00e0 ul reading poetico-musicale &#8220;L&#8217;oscuro di ogni sostanza&#8221; di e con Francesco Macci\u00f2: \u201cPresenteremo l&#8217;ultimo libro del nostro amico e storico collaboratore Francesco Macci\u00f2 e soprattutto gli daremo la possibilit\u00e0 di esprimersi sul palco con uno spettacolo lirico e musicale di grande suggestione e intensit\u00e0 poetica\u201d.<\/p>\n<p>Luned\u00ec 28 agosto alle 21 sempre nell&#8217;auditorium ci sar\u00e0 la serata &#8220;Un mare di sport nella Liguria del dopoguerra&#8221; condotta da Monica Bruzzone e Stefano Roascio, con la partecipazione di Enzo e Mimmo Barlocco, Giuliano Cesarato, Ruggero De Gregori, Bubi Dennerlein, Nicol\u00f2 Lippolis e Claudio Mistrangelo: \u201cPer la prima volta calcheranno il palco di Peagna degli autentici campioni internazionali che hanno portato gli sport acquatici come il nuoto, la pallanuoto, ecc. liguri e italiani alla ribalta. Sar\u00e0 un modo per incontrare grandi personaggi, riflettere su una delle nostre pi\u00f9 vive tradizioni sportive, spesso troppo poco riconosciuta, e scoprire interessanti e avvincenti libri sull&#8217;epopea di questi sport\u201d.<\/p>\n<p>Marted\u00ec 29 agosto alle 21 nell&#8217;auditorium la serata &#8220;Parole di donne: il lavoro della scrittrice&#8221;. Spiega ancora Roascio: \u201cCon Andrea Carpi avremo modo di conversare con Sara Ratto e Barbara Fiorio, due grandi ed affermate scrittrici liguri, che ci sveleranno i segreti del loro successo e il senso di una visione &#8216;al femminile&#8217; che appassiona tanti lettori\u201d.<\/p>\n<p>Mercoled\u00ec 30 agosto alle 21 nell&#8217;auditorium la serata &#8220;La scuola rovesciata: problemi e prospettive della scuola di oggi&#8221;; con Mauro Bico saranno presenti un nutrito gruppo di dirigenti scolastici locali e nazionali come Lorenzo Varaldo da Torino, Domenico Buscaglia da Savona, Sabina Poggio da Alassio e Simonetta Barile e Riccardo Badino da Albenga. Nella serata si rifletter\u00e0 sul valore della scuola nella nostra societ\u00e0 e sull&#8217;enorme lavoro che queste istituzioni stanno svolgendo nel campo dell&#8217;integrazione e della formazione di cittadini consapevoli e preparati.<\/p>\n<p>\u201cNella stessa giornata di mercoled\u00ec alle 18 presso Casa Girardenghi (luogo della Rassegna libraria) ricorderemo la nostra cara socia Ferdinanda Fantini Ascoli, per anni responsabile della biblioteca e della Rassegna libraria, che ci ha prematuramente lasciato\u201d.<\/p>\n<p>Gioved\u00ec 31 agosto alle 21 nell&#8217;auditorium la serata &#8220;La narrazione dei terremoti. Dalla Liguria all&#8217;Italia centrale&#8221;. Con Fulvio Cervini (Universit\u00e0 di Firenze) e Stefano Roascio \u201crifletteremo su una tematica purtroppo in questi momenti nuovamente e prepotentemente tornata d&#8217;attualit\u00e0 e sul grande terremoto di fine Ottocento che ha coinvolto pesantemente la Liguria. Ne parleremo con Rossana Vitiello e Gaspare Baggieri del Ministero dei Beni Culturali, che stanno lavorando in prima linea sul terremoto del centro Italia, con Alessandro Delpriori, sindaco e storico dell&#8217;arte di Matelica, e Giulia Spina, conservatrice del Museo Piersanti della stessa citt\u00e0, che si stanno impegnando per salvare il patrimonio del loro comune\u201d.<\/p>\n<p>Infine, venerd\u00ec primo settembre alle 21 la serata &#8221; Turismo e letteratura: binomio possibile, progetti in corso&#8221;. Con Simona Morando (Universit\u00e0 di Genova) si discuter\u00e0 \u201cdel rapporto strettissimo tra letteratura, luoghi, paesaggi e percorsi insieme ad Enrico Rivella, presidente del parco culturale &#8216;Beppe Fenoglio&#8217;, Alessandra Mastroleo (blog turismoletterario.com), Alberto Nocerino (Associazione Percorsi Poetici Genova) e Angelo Berlangieri, gi\u00e0 assessore alla cultura e al turismo della Regione Liguria e oggi ancora impegnato nella promozione del territorio\u201d.<\/p>\n<p>Dopo l&#8217;inaugurazione di domenica 27 agosto la rassegna \u201cLibri di Liguria\u201d sar\u00e0 aperta da luned\u00ec 28 agosto a venerd\u00ec 1 settembre dalle 17.30 alle 210 e sabato 2 e domenica 3 settembre dalle 15.alle 18.30. Nella rassegna sar\u00e0 possibile ammirare le ceramiche artistiche di Luca Damonte (Circolo degli Artisti di Albisola), che quest&#8217;anno offrir\u00e0 una propria opera d&#8217;arte al vincitore del Premio Anthia.<\/p>\n<p>\u201cRingraziamo come sempre i nostri sponsor, quest&#8217;anno ridotti al solo Comune di Ceriale e alla Coop Liguria, che ci consentono di continuare il nostro tradizionale impegno per la cultura del territorio che prosegue da 36 anni\u201d.<\/p>\n","protected":false},"excerpt":{"rendered":"<p>L&#8217;inaugurazione della rassegna e la premiazione del libro ligure dell&#8217;anno avverranno domenica 27 agosto<\/p>\n","protected":false},"author":12120,"featured_media":0,"comment_status":"open","ping_status":"closed","sticky":false,"template":"","format":"standard","meta":{"footnotes":""},"categories":[56],"tags":[19651,74132],"class_list":["post-417867","post","type-post","status-publish","format-standard","hentry","category-altre","tag-amici-di-peagna","tag-libri-di-liguria","post_cat_citta-ceriale","post_tag_personaggi-stefano-roascio"],"amp_validity":null,"amp_enabled":true,"_links":{"self":[{"href":"https:\/\/staging.ivg.it\/ediapi\/wp\/v2\/posts\/417867","targetHints":{"allow":["GET"]}}],"collection":[{"href":"https:\/\/staging.ivg.it\/ediapi\/wp\/v2\/posts"}],"about":[{"href":"https:\/\/staging.ivg.it\/ediapi\/wp\/v2\/types\/post"}],"author":[{"embeddable":true,"href":"https:\/\/staging.ivg.it\/ediapi\/wp\/v2\/users\/12120"}],"replies":[{"embeddable":true,"href":"https:\/\/staging.ivg.it\/ediapi\/wp\/v2\/comments?post=417867"}],"version-history":[{"count":0,"href":"https:\/\/staging.ivg.it\/ediapi\/wp\/v2\/posts\/417867\/revisions"}],"wp:attachment":[{"href":"https:\/\/staging.ivg.it\/ediapi\/wp\/v2\/media?parent=417867"}],"wp:term":[{"taxonomy":"category","embeddable":true,"href":"https:\/\/staging.ivg.it\/ediapi\/wp\/v2\/categories?post=417867"},{"taxonomy":"post_tag","embeddable":true,"href":"https:\/\/staging.ivg.it\/ediapi\/wp\/v2\/tags?post=417867"}],"curies":[{"name":"wp","href":"https:\/\/api.w.org\/{rel}","templated":true}]}}