{"id":417515,"date":"2017-08-17T08:52:01","date_gmt":"2017-08-17T06:52:01","guid":{"rendered":"http:\/\/www.ivg.it\/?p=417515"},"modified":"2017-08-17T08:52:01","modified_gmt":"2017-08-17T06:52:01","slug":"ad-albissola-la-mostra-personale-beatrice-giannoni","status":"publish","type":"post","link":"https:\/\/staging.ivg.it\/2017\/08\/ad-albissola-la-mostra-personale-beatrice-giannoni\/","title":{"rendered":"Ad Albissola la mostra personale di Beatrice Giannoni"},"content":{"rendered":"<p><strong>Albissola Marina.<\/strong> &#8220;Tra Cielo e Terra&#8221;. E&#8217; il titolo della mostra personale di acquerelli e ceramiche di Beatrice Giannoni che inaugura il 19 agosto, alle 17,30, al Circolo degli Artisti Abissola Marina. La mostra sar\u00e0 visitabile fino al 3 settembre da marted\u00ec a domenica dalle 16.30 alle 19.30.<\/p>\n<p>&#8220;E&#8217; una piccola antologica dei miei lavori degli ultimi anni. La mia formazione e il mio lavoro oggi sono quelli di un&#8217;artista ma, per vivere, ho imparato e praticato, per parecchi anni, due mestieri artigiani di antica tradizione: decoratrice murale e ceramista tradizionale. Da questa preziosa esperienza ho sviluppato un particolare interesse verso le prerogative e le potenzialit\u00e0 espressive intrinseche delle tecniche e dei materiali&#8221; spiega l&#8217;artista.<\/p>\n<p>&#8220;In questa mostra personale ho voluto accostare la diafana leggerezza onirica dell&#8217;acquerello, associata al mondo dell&#8217;immaginario, alla naturale, materica bellezza dei materiali ceramici ad interpretare ed evocare gioie e dolori della vita reale&#8221; conclude Beatrice Giannoni.<\/p>\n<p>Beatrice Giannoni \u00e8 nata a Genova dove vive e lavora. Dopo il Liceo Artistico Nicol\u00f2 Barabino si \u00e8 diplomata in Pittura presso L&#8217;Accademia Ligustica di Belle Arti di Genova e, in seguito, in Ceramica presso l&#8217;Ente di Formazione Professionale Provinciale di Faenza. Espone dal 1987 utilizzando, nel corso degli anni, l&#8217;Immagine Fotografica, l&#8217;Installazione, la Pittura e la Ceramica. E&#8217; docente di Decorazione e Disegno presso l&#8217;Accademia Ligustica di Belle Arti di Genova.<\/p>\n","protected":false},"excerpt":{"rendered":"<p>Inaugura il 19 agosto al Circolo degli Artisti Abissola Marina<\/p>\n","protected":false},"author":2394,"featured_media":0,"comment_status":"open","ping_status":"closed","sticky":false,"template":"","format":"standard","meta":{"footnotes":""},"categories":[56],"tags":[390,389],"class_list":["post-417515","post","type-post","status-publish","format-standard","hentry","category-altre","tag-arte","tag-mostre-darte","post_cat_citta-albissola-marina"],"amp_validity":null,"amp_enabled":true,"_links":{"self":[{"href":"https:\/\/staging.ivg.it\/ediapi\/wp\/v2\/posts\/417515","targetHints":{"allow":["GET"]}}],"collection":[{"href":"https:\/\/staging.ivg.it\/ediapi\/wp\/v2\/posts"}],"about":[{"href":"https:\/\/staging.ivg.it\/ediapi\/wp\/v2\/types\/post"}],"author":[{"embeddable":true,"href":"https:\/\/staging.ivg.it\/ediapi\/wp\/v2\/users\/2394"}],"replies":[{"embeddable":true,"href":"https:\/\/staging.ivg.it\/ediapi\/wp\/v2\/comments?post=417515"}],"version-history":[{"count":0,"href":"https:\/\/staging.ivg.it\/ediapi\/wp\/v2\/posts\/417515\/revisions"}],"wp:attachment":[{"href":"https:\/\/staging.ivg.it\/ediapi\/wp\/v2\/media?parent=417515"}],"wp:term":[{"taxonomy":"category","embeddable":true,"href":"https:\/\/staging.ivg.it\/ediapi\/wp\/v2\/categories?post=417515"},{"taxonomy":"post_tag","embeddable":true,"href":"https:\/\/staging.ivg.it\/ediapi\/wp\/v2\/tags?post=417515"}],"curies":[{"name":"wp","href":"https:\/\/api.w.org\/{rel}","templated":true}]}}