{"id":417410,"date":"2017-08-15T09:24:30","date_gmt":"2017-08-15T07:24:30","guid":{"rendered":"http:\/\/www.ivg.it\/?p=417410"},"modified":"2017-08-15T09:29:33","modified_gmt":"2017-08-15T07:29:33","slug":"meteo-liguria-sole-caldo-torrido-moderato-aumento","status":"publish","type":"post","link":"https:\/\/staging.ivg.it\/2017\/08\/meteo-liguria-sole-caldo-torrido-moderato-aumento\/","title":{"rendered":"Meteo Liguria: sole e caldo torrido di nuovo in (moderato) aumento"},"content":{"rendered":"<p><strong>Liguria<\/strong>. L&#8217;anticiclone ha ripreso possesso dello scacchiere mediterraneo proprio in prossimit\u00e0 del Ferragosto e complice una nuova iniezione di aria calda di matrice africana far\u00e0 nuovamente salire i termometri proprio da questa giornata festiva fino alle porte del weekend.<\/p>\n<p>Un caldo, premettiamo subito, non paragonabile a quello di inizio agosto e dalla durata decisamente inferiore se, come prospettato dai modelli previsionali, nel prossimo fine settimana un nuovo indebolimento dell&#8217;alta pressione sul nord Italia, lascer\u00e0 affluire aria pi\u00f9 fresca e instabile con fenomeni ancora tutti da decifrare ad oggi vista anche la distanza temporale.<\/p>\n<p>Il Ferragosto 2017 si \u00e8 dunque aperto con cieli sereni su tutto l&#8217;arco regionale con visibilit\u00e0 che si mantiene ancora molto buona stante la ventilazione in quota settentrionale e i tassi d&#8217;umidit\u00e0 relativa medio-bassi.<\/p>\n<p>Le temperature minime hanno sub\u00ecto un lieve ritocco all&#8217;ins\u00f9 riportandosi nelle medie del periodo, ancora fresco nelle zone interne di fondovalle con valori compresi tra 9 e 15\u00b0C lungo i versanti padani e nel fondovalle spezzino, tra 15 e 20\u00b0C nell&#8217;entroterra collinare marittimo. Valori decisamente miti lungo le riviere con le temperature minime comprese tra 19 e 23\u00b0C. Notti decisamente vivibili rispetto a quelle tropicali della prima decade del mese.<\/p>\n<p>La giornata ferragostana, secondo i previsori di Limet, vedr\u00e0 quindi l&#8217;apertura di una nuova parentesi di caldo con temperature in aumento che si riporteranno nei valori massimi sopra i 30\u00b0C nelle bassure interne e non soggette alle brezze di mare. Sar\u00e0 un caldo di tipo torrido, quindi pi\u00f9 asciutto e meglio sopportabile e si manterr\u00e0 tale almeno sino alle porte del fine settimana quando un nuovo rimescolamento dell&#8217;aria grazie a correnti fresche atlantiche porter\u00e0 a un nuovo calo termico.<\/p>\n<p>La nuova stasi anticiclonica manterr\u00e0 calmo il mar Ligure le cui temperature sono calate dai 27\/28\u00b0C registrate alla fine della prima decade ai 24\/25\u00b0C di questi giorni, valori decisamente pi\u00f9 gradevoli anch&#8217;essi per il refrigerio dei bagnanti.<\/p>\n","protected":false},"excerpt":{"rendered":"<p>Temperature in aumento che si riporteranno nei valori massimi sopra i 30\u00b0C nelle bassure interne e non soggette alle brezze di mare<\/p>\n","protected":false},"author":2394,"featured_media":0,"comment_status":"open","ping_status":"closed","sticky":false,"template":"","format":"standard","meta":{"footnotes":""},"categories":[56],"tags":[65228,652,45966],"class_list":["post-417410","post","type-post","status-publish","format-standard","hentry","category-altre","tag-centro-limet","tag-meteo","tag-meteo-liguria","post_cat_citta-savona"],"amp_validity":null,"amp_enabled":true,"_links":{"self":[{"href":"https:\/\/staging.ivg.it\/ediapi\/wp\/v2\/posts\/417410","targetHints":{"allow":["GET"]}}],"collection":[{"href":"https:\/\/staging.ivg.it\/ediapi\/wp\/v2\/posts"}],"about":[{"href":"https:\/\/staging.ivg.it\/ediapi\/wp\/v2\/types\/post"}],"author":[{"embeddable":true,"href":"https:\/\/staging.ivg.it\/ediapi\/wp\/v2\/users\/2394"}],"replies":[{"embeddable":true,"href":"https:\/\/staging.ivg.it\/ediapi\/wp\/v2\/comments?post=417410"}],"version-history":[{"count":0,"href":"https:\/\/staging.ivg.it\/ediapi\/wp\/v2\/posts\/417410\/revisions"}],"wp:attachment":[{"href":"https:\/\/staging.ivg.it\/ediapi\/wp\/v2\/media?parent=417410"}],"wp:term":[{"taxonomy":"category","embeddable":true,"href":"https:\/\/staging.ivg.it\/ediapi\/wp\/v2\/categories?post=417410"},{"taxonomy":"post_tag","embeddable":true,"href":"https:\/\/staging.ivg.it\/ediapi\/wp\/v2\/tags?post=417410"}],"curies":[{"name":"wp","href":"https:\/\/api.w.org\/{rel}","templated":true}]}}