{"id":416402,"date":"2017-08-02T10:49:03","date_gmt":"2017-08-02T08:49:03","guid":{"rendered":"http:\/\/www.ivg.it\/?p=416402"},"modified":"2017-08-02T10:49:03","modified_gmt":"2017-08-02T08:49:03","slug":"ad-albenga-scena-ragione-sentimento","status":"publish","type":"post","link":"https:\/\/staging.ivg.it\/2017\/08\/ad-albenga-scena-ragione-sentimento\/","title":{"rendered":"Ad Albenga in scena &#8220;Ragione e sentimento&#8221;"},"content":{"rendered":"<p><strong>Albenga<\/strong>. &#8220;Ragione e Sentimento&#8221;. E&#8217; il titolo della rappresentazione teatrale che andr\u00e0 in scena il 18 agosto presso il chiostro Ester Siccardi di Albenga alle ore 21.<\/p>\n<p>Il progetto \u00e8 stato interamente sceneggiato ed ideato da giovani intraprendenti tra cui: Serina Diliberti, Alessia Rampi, Erika Quinland, Giulia Gastaldi, Irene Trione e Lorenzo Bertola. Il progetto consister\u00e0 in una rappresentazione teatrale che vedr\u00e0 come protagonista il duello persistente nell&#8217;uomo, ma maggiormente nell&#8217;adolescente tra ragione e sentimento.<\/p>\n<p>La giovane Claudia Granato afferma che: &#8220;il teatro non \u00e8 solamente mettere in scena uno spettacolo, \u00e8 a parer mio un vero \u00e8 proprio stile di vita che ti permette di vivere mille esistenze in un&#8217; unica vita. Per questo sostengo che il teatro debba essere semiserio perch\u00e9 deve far ridere il cuore e far riflettere la mente&#8221;.<\/p>\n<p>Rappresenteranno la ragione ed il sentimento: Claudia Granato e Lorenzo Bertola che combatterrano a ritmo di tango la coreografia ideata da Alessia Rampi. Interverr\u00e0 in secondo luogo, la cantante Serina Diliberti che eseguir\u00e0 un pezzo di Christina Aguilera &#8220;Hurt&#8221; nella conclusione dello spettacolo. Condurr\u00e0 la serata: Luigi Basso che impersoner\u00e0 anche la parte del narratore. Verrano, inoltre esposte le fotografie fatte da Erika Quinland durante il backstage. Con la collaborazione della scenografa e costumista: Aurora Pertuso<\/p>\n","protected":false},"excerpt":{"rendered":"<p>Appuntamento al chiostro Ester Siccardi di Albenga alle ore 21<\/p>\n","protected":false},"author":2394,"featured_media":0,"comment_status":"open","ping_status":"closed","sticky":false,"template":"","format":"standard","meta":{"footnotes":""},"categories":[56],"tags":[],"class_list":["post-416402","post","type-post","status-publish","format-standard","hentry","category-altre","post_cat_citta-albenga"],"amp_validity":null,"amp_enabled":true,"_links":{"self":[{"href":"https:\/\/staging.ivg.it\/ediapi\/wp\/v2\/posts\/416402","targetHints":{"allow":["GET"]}}],"collection":[{"href":"https:\/\/staging.ivg.it\/ediapi\/wp\/v2\/posts"}],"about":[{"href":"https:\/\/staging.ivg.it\/ediapi\/wp\/v2\/types\/post"}],"author":[{"embeddable":true,"href":"https:\/\/staging.ivg.it\/ediapi\/wp\/v2\/users\/2394"}],"replies":[{"embeddable":true,"href":"https:\/\/staging.ivg.it\/ediapi\/wp\/v2\/comments?post=416402"}],"version-history":[{"count":0,"href":"https:\/\/staging.ivg.it\/ediapi\/wp\/v2\/posts\/416402\/revisions"}],"wp:attachment":[{"href":"https:\/\/staging.ivg.it\/ediapi\/wp\/v2\/media?parent=416402"}],"wp:term":[{"taxonomy":"category","embeddable":true,"href":"https:\/\/staging.ivg.it\/ediapi\/wp\/v2\/categories?post=416402"},{"taxonomy":"post_tag","embeddable":true,"href":"https:\/\/staging.ivg.it\/ediapi\/wp\/v2\/tags?post=416402"}],"curies":[{"name":"wp","href":"https:\/\/api.w.org\/{rel}","templated":true}]}}