{"id":415628,"date":"2017-07-24T11:35:30","date_gmt":"2017-07-24T09:35:30","guid":{"rendered":"http:\/\/www.ivg.it\/?p=415628"},"modified":"2017-07-24T12:17:14","modified_gmt":"2017-07-24T10:17:14","slug":"buona-la-prima-di-dixcorrendo-a-bergeggi-tutto-esaurito-alla-serata-con-giobbe-covatta","status":"publish","type":"post","link":"https:\/\/staging.ivg.it\/2017\/07\/buona-la-prima-di-dixcorrendo-a-bergeggi-tutto-esaurito-alla-serata-con-giobbe-covatta\/","title":{"rendered":"Buona la prima di &#8220;Dixcorrendo&#8221; a Bergeggi: tutto esaurito alla serata con Giobbe Covatta"},"content":{"rendered":"<p><strong>Bergeggi.<\/strong> Ha fatto registrare il tutto esaurito la prima serata di \u201cDixcorrendo \u2013 Incontri ravvicinati con gente di talento\u201d, andata in scena venerd\u00ec scorso in piazza XX Settembre. Protagonisti Gioele Dix e Giobbe Covatta che, fra risate e applausi, hanno intrattenuto e divertito per oltre un&#8217;ora e mezza un pubblico entusiasta prima che un&#8217;acquazzone li costringesse ad un finale leggermente anticipato. Ma il contrattempo non ha in nessun modo compromesso il successo della manifestazione, novit\u00e0 assoluta nel panorama degli appuntamenti estivi in Liguria.<\/p>\n<p>&#8220;Dixcorrendo&#8221; nasce da in&#8217;idea di Gioele Dix ed \u00e8 organizzata dal Comune e dalla Proloco di Bergeggi. Come ha ricordato lo stesso Gioele Dix in apertura la realizzazione del progetto \u00e8 merito del sindaco Roberto Arboscello, deciso a creare un evento importante, articolato in pi\u00f9 serate e con cadenza annuale, che permetta di far conoscere Bergeggi non solo per le stupende spiagge e il mare ma anche per la bellissima piazza e il paese arroccato sulla roccia.<\/p>\n<p>La formula di &#8220;Dixcorrendo&#8221; \u00e8 quella di un incontro pubblico informale tra artisti che si raccontano e ripercorrono la propria carriera fra trionfi, inciampi e delusioni: una sorta di happening pieno di divertimento e di sorprese. E a giudicare dalle reazioni e i commenti del pubblico la prima serata non ha di certo deluso le attese.<\/p>\n<p>&#8220;S\u00ec, \u00e8 andata davvero bene &#8211; ha dichiarato Gioele Dix a fine serata &#8211; se metti due comici in sintonia su un palco e scatta la chimica col pubblico il divertimento \u00e8 assicurato. E finisce che si parla anche di cose serie, delle persone, della vita. Se saremo bravi anche nei prossimi due appuntamenti ne verranno fuori serate uniche e irripetibili.&#8221;<\/p>\n<p>&#8220;Soddisfatto ed emozionato &#8211; sono le prime due parole del sindaco Roberto Arboscello &#8211; \u00c8 stata una scommessa che abbiamo vinto. Riuscire a portare a Bergeggi una rassegna di questa importanza, con artisti di questo rilievo, nuova nel suo genere e ottenere tutto questo successo \u00e8 gratificante per me, per la mia amministrazione e per tutte le persone che hanno lavorato per mesi a questo progetto, ma \u00e8 soprattutto la prova che Bergeggi pu\u00f2 e deve iniziare a pensare in grande, avendo le potenzialit\u00e0 per farlo. L&#8217;obiettivo che ci eravamo dati era quello di portare la nostra bellissima Bergeggi alla ribalta, accendendo i fari e catalizzando l&#8217;attenzione regionale e nazionale sul nostro piccolo borgo&#8221;.<\/p>\n<p>&#8220;Oggi posso dire che l&#8217;obiettivo \u00e8 stato raggiunto e che la prima serata della rassegna \u00e8 stata un vero e proprio successo. Creare dal nulla questa rassegna a fianco di un grande amico come Gioele Dix, diventato ormai bergeggino d&#8217;adozione, e condividere con lui il successo \u00e8 un emozione enorme&#8221;, conclude Arboscello.<\/p>\n<p>I tempi dei festeggiamenti sono gi\u00e0 finiti. Da oggi si riprende a lavorare alle prossime due serate: sabato 29 luglio con ospite Paolo Hendel e sabato 5 agosto con Enzo Iacchetti.<\/p>\n","protected":false},"excerpt":{"rendered":"<p>Risate e applausi per un&#8217;ora e mezza prima dell&#8217;acquazzone finale<\/p>\n","protected":false},"author":11510,"featured_media":0,"comment_status":"open","ping_status":"closed","sticky":false,"template":"","format":"standard","meta":{"footnotes":""},"categories":[45296,56],"tags":[95472],"class_list":["post-415628","post","type-post","status-publish","format-standard","hentry","category-copertina","category-altre","tag-dixcorrendo","post_cat_citta-bergeggi","post_tag_personaggi-giobbe-covatta","post_tag_personaggi-gioele-dix","post_tag_personaggi-roberto-arboscello-2"],"amp_validity":null,"amp_enabled":true,"_links":{"self":[{"href":"https:\/\/staging.ivg.it\/ediapi\/wp\/v2\/posts\/415628","targetHints":{"allow":["GET"]}}],"collection":[{"href":"https:\/\/staging.ivg.it\/ediapi\/wp\/v2\/posts"}],"about":[{"href":"https:\/\/staging.ivg.it\/ediapi\/wp\/v2\/types\/post"}],"author":[{"embeddable":true,"href":"https:\/\/staging.ivg.it\/ediapi\/wp\/v2\/users\/11510"}],"replies":[{"embeddable":true,"href":"https:\/\/staging.ivg.it\/ediapi\/wp\/v2\/comments?post=415628"}],"version-history":[{"count":0,"href":"https:\/\/staging.ivg.it\/ediapi\/wp\/v2\/posts\/415628\/revisions"}],"wp:attachment":[{"href":"https:\/\/staging.ivg.it\/ediapi\/wp\/v2\/media?parent=415628"}],"wp:term":[{"taxonomy":"category","embeddable":true,"href":"https:\/\/staging.ivg.it\/ediapi\/wp\/v2\/categories?post=415628"},{"taxonomy":"post_tag","embeddable":true,"href":"https:\/\/staging.ivg.it\/ediapi\/wp\/v2\/tags?post=415628"}],"curies":[{"name":"wp","href":"https:\/\/api.w.org\/{rel}","templated":true}]}}