{"id":415525,"date":"2017-07-22T12:34:33","date_gmt":"2017-07-22T10:34:33","guid":{"rendered":"http:\/\/www.ivg.it\/?p=415525"},"modified":"2017-07-22T12:34:33","modified_gmt":"2017-07-22T10:34:33","slug":"dallolanda-allafrica-infine-garlenda-viaggio-fiat-500-storica","status":"publish","type":"post","link":"https:\/\/staging.ivg.it\/2017\/07\/dallolanda-allafrica-infine-garlenda-viaggio-fiat-500-storica\/","title":{"rendered":"Dall&#8217;Olanda all&#8217;Africa e infine a Garlenda: viaggio con una Fiat 500 storica"},"content":{"rendered":"<p><strong>Garlenda.<\/strong> Dall&#8217;Olanda all&#8217;Africa occidentale e infine a Garlenda: questo il viaggio di Gregor Schreiber e Gijs Dekker, svoltosi a bordo di una Fiat 500 storica. Ieri sera, in occasione della cena che ha festeggiato l&#8217;operato dei volontari del 34mo Meeting Internazionale (svoltosi dal 7 al 9 luglio), i due giovani viaggiatori sono giunti a Parco Villafranca, accolti da numerosi cinquecentisti.<\/p>\n<p>Partiti ad inizio maggio con una vettura attrezzata per l&#8217;occasione, dipinta di color sabbia e ribattezzata &#8220;Afriat 500&#8221;, avevano intenzione di raggiungere il Gambia ma per difficolt\u00e0 burocratiche sono riusciti ad arrivare solo (si fa per dire) in Mauritania, dopo aver affrontato il Marocco ed il Sahara. Un affascinante percorso tra deserto e montagne, durante il quale la piccola bicilindrica (una L del 1972) si \u00e8 rivelata come sempre robusta ed affidabile; sono stati necessari alcuni interventi di meccanica, tra cui la sostituzione dei filtri di aria e benzina e quella pi\u00f9 impegnativa del cambio, ma \u00e8 tutto andato per il meglio.<\/p>\n<p>La coraggiosa utilitaria si \u00e8 anche inerpicata sui monti Atlas, anche se a 2.500 metri di altitudine ha avuto bisogno di una spintarella, perch\u00e9 l&#8217;aria fine di quella quota le ha tolto un po&#8217; di potenza. Solo gioved\u00ec i ragazzi erano in Spagna, ma hanno voluto fare uno sforzo e percorrere le ultime centinaia di chilometri (ne hanno fatti 13.000 in totale) per essere a Garlenda, ormai riconosciuta come la capitale mondiale della 500.<\/p>\n<p>Quello dei grandi viaggi compiuti a bordo del cinquino \u00e8 stato uno dei temi chiave del 34\u00b0 Meeting appena trascorso: tra gli equipaggi presenti c&#8217;erano Andrea e Luca Bonventre (protagonisti lo scorso anno di dell&#8217;avventura BeRevolution Torino-Tokyo), i coniugi australiani Lang e Bev Kidby (giro del mondo in 500 nel 2007) e Gianluca Fiorentini (che ha alle spalle varie imprese in solitaria in Africa, Est Europa e Medio Oriente).<\/p>\n","protected":false},"excerpt":{"rendered":"<p>Protagonisti dell&#8217;avventura africana Gregor Schreiber e Gijs Dekker<\/p>\n","protected":false},"author":11510,"featured_media":0,"comment_status":"open","ping_status":"closed","sticky":false,"template":"","format":"standard","meta":{"footnotes":""},"categories":[56],"tags":[3447,478,24276,8673],"class_list":["post-415525","post","type-post","status-publish","format-standard","hentry","category-altre","tag-africa","tag-fiat-500","tag-meeting-internazionale-fiat-500","tag-viaggi","post_cat_citta-garlenda","post_tag_personaggi-gijs-dekker","post_tag_personaggi-gregor-schreiber"],"amp_validity":null,"amp_enabled":true,"_links":{"self":[{"href":"https:\/\/staging.ivg.it\/ediapi\/wp\/v2\/posts\/415525","targetHints":{"allow":["GET"]}}],"collection":[{"href":"https:\/\/staging.ivg.it\/ediapi\/wp\/v2\/posts"}],"about":[{"href":"https:\/\/staging.ivg.it\/ediapi\/wp\/v2\/types\/post"}],"author":[{"embeddable":true,"href":"https:\/\/staging.ivg.it\/ediapi\/wp\/v2\/users\/11510"}],"replies":[{"embeddable":true,"href":"https:\/\/staging.ivg.it\/ediapi\/wp\/v2\/comments?post=415525"}],"version-history":[{"count":0,"href":"https:\/\/staging.ivg.it\/ediapi\/wp\/v2\/posts\/415525\/revisions"}],"wp:attachment":[{"href":"https:\/\/staging.ivg.it\/ediapi\/wp\/v2\/media?parent=415525"}],"wp:term":[{"taxonomy":"category","embeddable":true,"href":"https:\/\/staging.ivg.it\/ediapi\/wp\/v2\/categories?post=415525"},{"taxonomy":"post_tag","embeddable":true,"href":"https:\/\/staging.ivg.it\/ediapi\/wp\/v2\/tags?post=415525"}],"curies":[{"name":"wp","href":"https:\/\/api.w.org\/{rel}","templated":true}]}}