{"id":415471,"date":"2017-07-21T16:57:05","date_gmt":"2017-07-21T14:57:05","guid":{"rendered":"http:\/\/www.ivg.it\/?p=415471"},"modified":"2017-07-21T17:09:56","modified_gmt":"2017-07-21T15:09:56","slug":"regione-si-al-progetto-villa-zanelli-savona-scajola-anticiperemo-soldi-far-partire-progetto","status":"publish","type":"post","link":"https:\/\/staging.ivg.it\/2017\/07\/regione-si-al-progetto-villa-zanelli-savona-scajola-anticiperemo-soldi-far-partire-progetto\/","title":{"rendered":"Regione, s\u00ec al progetto per villa Zanelli a Savona. Scajola: &#8220;Anticiperemo i soldi per far partire il progetto&#8221;"},"content":{"rendered":"<p><strong>Savona.<\/strong> Approvato oggi dalla Giunta regionale su proposta dell&#8217;assessore all&#8217;Urbanistica Marco Scajola lo schema di convenzione tra Regione Liguria e Comune di Savona per la riqualificazione dell&#8217;area waterfront che prevede l&#8217;intervento di recupero e valorizzazione di Villa Zanelli grazie all&#8217;impegno della giunta di 5 milioni di euro sul Fondo Strategico regionale.<\/p>\n<p>Dopo la presentazione, a maggio, del piano di recupero da parte della Regione attraverso Ire, la societ\u00e0 ingegneristica in house di Regione Liguria per le Infrastrutture, ecco il via libera della Giunta alla convenzione &#8220;l&#8217;accordo approvato oggi rappresenta un passo molto importante \u2013 spiega l&#8217;assessore Scajola &#8211; nell&#8217;ambito della strategia di rilancio della citt\u00e0 di Savona e in particolare dell&#8217;area del waterfront. In attesa della conferma del finanziamento statale proveniente dal bando per il recupero delle periferie urbane per un totale di 18 milioni di euro, abbiamo deciso di stanziare 5 milioni a valere sul Fondo Strategico per anticipare le risorse e consentire l&#8217;immediato avvio del progetto di recupero di Villa Zanelli&#8221;.<\/p>\n<p>Nella convenzione si definiscono le modalit\u00e0 di progressiva erogazione del finanziamento regionale affinch\u00e9 il Comune di Savona possa tempestivamente dar corso all&#8217;affidamento delle attivit\u00e0 programmate. Le risorse saranno messe a disposizione di Arte Genova, proprietaria dell&#8217;immobile e soggetto attuatore dell&#8217;intervento.<\/p>\n<p>Il progetto \u00e8 redatto da Ire su incarico di Arte Genova. &#8220;L&#8217;intervento di recupero \u2013 continua Scajola &#8211; prevede il restauro delle facciate e degli ambienti interni e nuove destinazioni d&#8217;uso degli ambienti della villa, oltre al recupero del parco storico. Accanto al museo, che sar\u00e0 ospitato al piano terra dell&#8217;edificio, \u00e8 prevista la realizzazione di un albergo con sette camere e servizi annessi, situati al primo e al secondo piano, e un ristorante panoramico sul tetto. Il cronoprogramma dell&#8217;intervento prevede che la progettazione esecutiva sia approvata entro febbraio 2018 mentre la conclusione dei lavori \u00e8 prevista per il mese di agosto 2020. Con questo atto \u2013 conclude Scajola \u2013 abbiamo rispettato i tempi e soprattutto la promessa di recuperare in tempi rapidi Villa Zanelli, un vero e proprio gioiello Liberty della nostra Riviera e di tutto il Mediterraneo&#8221;.<\/p>\n","protected":false},"excerpt":{"rendered":"<p>S\u00ec dalla giunta regionale alla convenzione con il Comune di Savona: 5 mln di euro dal Fondo Strategico<\/p>\n","protected":false},"author":4,"featured_media":0,"comment_status":"open","ping_status":"closed","sticky":false,"template":"","format":"standard","meta":{"footnotes":""},"categories":[45296,35,31],"tags":[3204,295,6147],"class_list":["post-415471","post","type-post","status-publish","format-standard","hentry","category-copertina","category-economia","category-politica","tag-comune-savona","tag-regione","tag-villa-zanelli","post_cat_citta-savona","post_tag_personaggi-marco-scajola-2"],"amp_validity":null,"amp_enabled":true,"_links":{"self":[{"href":"https:\/\/staging.ivg.it\/ediapi\/wp\/v2\/posts\/415471","targetHints":{"allow":["GET"]}}],"collection":[{"href":"https:\/\/staging.ivg.it\/ediapi\/wp\/v2\/posts"}],"about":[{"href":"https:\/\/staging.ivg.it\/ediapi\/wp\/v2\/types\/post"}],"author":[{"embeddable":true,"href":"https:\/\/staging.ivg.it\/ediapi\/wp\/v2\/users\/4"}],"replies":[{"embeddable":true,"href":"https:\/\/staging.ivg.it\/ediapi\/wp\/v2\/comments?post=415471"}],"version-history":[{"count":0,"href":"https:\/\/staging.ivg.it\/ediapi\/wp\/v2\/posts\/415471\/revisions"}],"wp:attachment":[{"href":"https:\/\/staging.ivg.it\/ediapi\/wp\/v2\/media?parent=415471"}],"wp:term":[{"taxonomy":"category","embeddable":true,"href":"https:\/\/staging.ivg.it\/ediapi\/wp\/v2\/categories?post=415471"},{"taxonomy":"post_tag","embeddable":true,"href":"https:\/\/staging.ivg.it\/ediapi\/wp\/v2\/tags?post=415471"}],"curies":[{"name":"wp","href":"https:\/\/api.w.org\/{rel}","templated":true}]}}