{"id":415350,"date":"2017-07-20T15:47:25","date_gmt":"2017-07-20T13:47:25","guid":{"rendered":"http:\/\/www.ivg.it\/?p=415350"},"modified":"2017-07-21T08:07:28","modified_gmt":"2017-07-21T06:07:28","slug":"concorso-bellezza-miss-blumare-tappa-ai-bagni-florida-loano","status":"publish","type":"post","link":"https:\/\/staging.ivg.it\/2017\/07\/concorso-bellezza-miss-blumare-tappa-ai-bagni-florida-loano\/","title":{"rendered":"Il concorso di bellezza Miss Blumare fa tappa ai Bagni Florida di Loano"},"content":{"rendered":"<p><strong>Loano<\/strong>. Il cinquantesimo compleanno di una canzone leggendaria, una &#8220;serata d&#8217;autore&#8221; e ora un concorso di bellezza. Continuano gli eventi\u00a0imperdibili organizzati dal vulcanico Yury Pastore Corrado per festeggiare i suoi primi dieci anni di attivit\u00e0 alla guida dei Bagni Florida, uno degli stabilimenti balneari pi\u00f9 conosciuti e apprezzati del litorale di Loano.<\/p>\n<p>Dopo aver ospitato la festa di compleanno per i 50 anni della storica &#8220;Bandiera Gialla&#8221; di Gianni Pettenati e la presentazione del libro &#8220;Il Tassista Onesto&#8221; dell&#8217;autore di &#8220;Striscia la Notizia&#8221; Carlo Denei (la serata \u00e8 stata condotta da Elena Ballerini ed arricchita dallo spettacolo &#8220;Asocia Network&#8221; di Silvia Paonessa), il 21 luglio si prosegue con una serata interamente dedicata alla bellezza.<\/p>\n<p>\u201cDomani sera &#8211; spiega Yury &#8211; il nostro dehor e anche parte della passeggiata ospiter\u00e0 una tappa di Miss Blumare. La vincitrice acceder\u00e0 alla finale di Miss Albenga Summer e poi alle finali nazionali del concorso\u201d. Le aspiranti miss sfileranno in abito casual, in abito elegante e infine in bikini sotto il severo sguardo della giuria chiamata a scegliere le pi\u00f9 affascinanti tra loro.<\/p>\n<p>Il mese di luglio si chiuder\u00e0 con un ospite d&#8217;eccezione: \u201cIl 29 luglio avremo con noi Salvatore Esposito, protagonista della serie Sky pi\u00f9 vista al mondo, cio\u00e8 &#8216;Gomorra&#8217;. Quella sera avremo il tutto esaurito. Bloccheremo la passeggiata cos\u00ec come avvenuto qualche anno fa quando avevamo ospitato Rocco Siffredi\u201d.<\/p>\n<p>Il mese successivo sar\u00e0 altrettanto effervescente: \u201cAgosto sar\u00e0 dedicato ai comici di Zelig: avremo con noi Stefano Chiodaroli, Beppe Braida, il nostro Renzo Sinacori e infine Giancarlo Kalabrugovic, meglio conosciuto come &#8216;Pino dei palazzi&#8217;.<\/p>\n","protected":false},"excerpt":{"rendered":"<p>Continuano gli eventi organizzati da Yury Pastore Corrado per festeggiare i suoi primi dieci anni di attivit\u00e0<\/p>\n","protected":false},"author":12120,"featured_media":0,"comment_status":"open","ping_status":"closed","sticky":false,"template":"","format":"standard","meta":{"footnotes":""},"categories":[45296,56],"tags":[87508,95888],"class_list":["post-415350","post","type-post","status-publish","format-standard","hentry","category-copertina","category-altre","tag-bagni-florida-loano","tag-bandiera-gialla","post_cat_citta-loano","post_tag_personaggi-gianni-pettenati","post_tag_personaggi-yuri-pastore"],"amp_validity":null,"amp_enabled":true,"_links":{"self":[{"href":"https:\/\/staging.ivg.it\/ediapi\/wp\/v2\/posts\/415350","targetHints":{"allow":["GET"]}}],"collection":[{"href":"https:\/\/staging.ivg.it\/ediapi\/wp\/v2\/posts"}],"about":[{"href":"https:\/\/staging.ivg.it\/ediapi\/wp\/v2\/types\/post"}],"author":[{"embeddable":true,"href":"https:\/\/staging.ivg.it\/ediapi\/wp\/v2\/users\/12120"}],"replies":[{"embeddable":true,"href":"https:\/\/staging.ivg.it\/ediapi\/wp\/v2\/comments?post=415350"}],"version-history":[{"count":0,"href":"https:\/\/staging.ivg.it\/ediapi\/wp\/v2\/posts\/415350\/revisions"}],"wp:attachment":[{"href":"https:\/\/staging.ivg.it\/ediapi\/wp\/v2\/media?parent=415350"}],"wp:term":[{"taxonomy":"category","embeddable":true,"href":"https:\/\/staging.ivg.it\/ediapi\/wp\/v2\/categories?post=415350"},{"taxonomy":"post_tag","embeddable":true,"href":"https:\/\/staging.ivg.it\/ediapi\/wp\/v2\/tags?post=415350"}],"curies":[{"name":"wp","href":"https:\/\/api.w.org\/{rel}","templated":true}]}}