{"id":414985,"date":"2017-07-16T11:39:38","date_gmt":"2017-07-16T09:39:38","guid":{"rendered":"http:\/\/www.ivg.it\/?p=414985"},"modified":"2017-07-16T11:44:36","modified_gmt":"2017-07-16T09:44:36","slug":"baia-alassio-calcio-siglata-la-partnership-lo-spezia","status":"publish","type":"post","link":"https:\/\/staging.ivg.it\/2017\/07\/baia-alassio-calcio-siglata-la-partnership-lo-spezia\/","title":{"rendered":"Baia Alassio Calcio, siglata la partnership con lo Spezia"},"content":{"rendered":"<p><strong>Alassio<\/strong>. Dopo la novit\u00e0 del settore calcio femminile, ecco per la citt\u00e0 del muretto, per la prima volta in assoluto, <strong>la partnership con una societ\u00e0 professionistica di calcio: lo Spezia Calcio.<\/strong><\/p>\n<p>&#8220;\u00c8 la ciliegina sulla torta di questa indimenticabile estate per la <strong>Baia Alassio Calcio<\/strong> &#8211; commentano il presidente <strong>Andreino Durante<\/strong> e il dg <strong>Gerry Gerundo<\/strong> -, che dimostra il nostro particolare interesse per la crescita dei ragazzi non solo a livello calcistico. <strong>Questo accordo infatti, fortemente voluto dallo Spezia Calcio e dalla nostra societ\u00e0, permette ai nostri ragazzi ed allenatori di usufruire delle conoscenze tecniche e umane di quello che ormai \u00e8 riconosciuto come uno dei migliori settori giovanili<\/strong> dell&#8217;intero panorama calcistico professionistico italiano&#8221;.<\/p>\n<p>&#8220;<strong>\u00c8 il coronamento di anni di lavoro e risorse economiche investite interamente nel settore giovanile alassino<\/strong> &#8211; proseguono -, siamo nati infatti nel 1921. <strong>Siamo convinti che permetter\u00e0 ai nostri ragazzi di fare quel salto di qualit\u00e0 che hanno dimostrato di meritare nel corso degli ultimi anni e di avere la possibilit\u00e0 di confrontarsi, nel corso dell\u2019anno, con i tecnici e i ragazzi pari leva dello Spezia Calcio.<\/strong> Un ringraziamento particolare va riconosciuto a tutti i membri del nuovo consiglio direttivo della Baia Alassio Calcio ed all&#8217;amministrazione comunale, nella persona dell\u2019assessore al turismo e allo sport Simone Rossi, per il supporto offerto in questa splendida avventura, nata proprio nell\u2019anno in cui Alassio \u00e8 stata nominata Citt\u00e0 europea dello sport&#8221;.<\/p>\n<p>&#8220;Sul sito<strong> www.baiaalassio1921cisano.it<\/strong> e al link <strong>http:\/\/www.acspezia.com\/news\/largo-ai-giovani-nasce-spezia-academy.16605.html<\/strong> tutti i dettagli di questa fantastica ed unica occasione da non perdere per tutti i giovani che amano il nostro sport e che lo vogliono praticare in un ambiente sereno e familiare&#8221; concludono Durante e Gerundo.<\/p>\n","protected":false},"excerpt":{"rendered":"<p>La societ\u00e0 del presidente Andreino Durante punta a crescere ancora<\/p>\n","protected":false},"author":18,"featured_media":0,"comment_status":"open","ping_status":"closed","sticky":false,"template":"","format":"standard","meta":{"footnotes":""},"categories":[45296,182,32],"tags":[46764,85989,95892],"class_list":["post-414985","post","type-post","status-publish","format-standard","hentry","category-copertina","category-calcio","category-sport","tag-baia-alassio-calcio","tag-calcio","tag-spezia-calcio","post_cat_citta-alassio","post_tag_personaggi-andreino-durante","post_tag_personaggi-gerry-gerundo"],"amp_validity":null,"amp_enabled":true,"_links":{"self":[{"href":"https:\/\/staging.ivg.it\/ediapi\/wp\/v2\/posts\/414985","targetHints":{"allow":["GET"]}}],"collection":[{"href":"https:\/\/staging.ivg.it\/ediapi\/wp\/v2\/posts"}],"about":[{"href":"https:\/\/staging.ivg.it\/ediapi\/wp\/v2\/types\/post"}],"author":[{"embeddable":true,"href":"https:\/\/staging.ivg.it\/ediapi\/wp\/v2\/users\/18"}],"replies":[{"embeddable":true,"href":"https:\/\/staging.ivg.it\/ediapi\/wp\/v2\/comments?post=414985"}],"version-history":[{"count":0,"href":"https:\/\/staging.ivg.it\/ediapi\/wp\/v2\/posts\/414985\/revisions"}],"wp:attachment":[{"href":"https:\/\/staging.ivg.it\/ediapi\/wp\/v2\/media?parent=414985"}],"wp:term":[{"taxonomy":"category","embeddable":true,"href":"https:\/\/staging.ivg.it\/ediapi\/wp\/v2\/categories?post=414985"},{"taxonomy":"post_tag","embeddable":true,"href":"https:\/\/staging.ivg.it\/ediapi\/wp\/v2\/tags?post=414985"}],"curies":[{"name":"wp","href":"https:\/\/api.w.org\/{rel}","templated":true}]}}