{"id":414984,"date":"2017-07-16T11:05:59","date_gmt":"2017-07-16T09:05:59","guid":{"rendered":"http:\/\/www.ivg.it\/?p=414984"},"modified":"2017-07-16T11:09:31","modified_gmt":"2017-07-16T09:09:31","slug":"rari-nantes-savona-difensore-davide-steardo","status":"publish","type":"post","link":"https:\/\/staging.ivg.it\/2017\/07\/rari-nantes-savona-difensore-davide-steardo\/","title":{"rendered":"Rari Nantes Savona, ecco il difensore Davide Steardo"},"content":{"rendered":"<p><strong>Savona.<\/strong> La Carisa Rari Nantes Savona ha raggiunto l&#8217;accordo con il <strong>difensore Davide Steardo per la prossima stagione sportiva.<\/strong><\/p>\n<p><strong>Steardo \u00e8 nato a Genova Voltri il 12 novembre 1991<\/strong> ed \u00e8 figlio d&#8217;arte di pap\u00e0 Antonello. Cresciuto nella Mameli ha giocato anche nel Bogliasco, nel Sori, nel Camogli, nella Promogest, nella Sport Managemente e la scorsa stagione nell&#8217;Acquachiara.<\/p>\n<p><strong>Ha fatto parte della Nazionale giovanile<\/strong> con la quale ha partecipato ai campionati mondiali ed ai campionati europei. Inoltre, <strong>con la Nazionale Universitaria<\/strong>, tre anni fa, ha partecipato alle Universiadi di Kazan classificandosi al quarto posto.<\/p>\n<p>Questa la prima dichiarazione di<strong> Davide Steardo<\/strong>: &#8220;<strong>Sono contento di essere arrivato a Savona perch\u00e9 essendo ligure \u00e8 una grande soddisfazione. Sono convinto che faremo un buon campionato perch\u00e9 siamo un bel mix di giovani e di giocatori d&#8217;esperienza.<\/strong> Ai tifosi dico che faremo bene e ci divertiremo e spero che accorreranno numerosi in piscina&#8221;<\/p>\n<p>Afferma l&#8217;allenatore biancorosso, <strong>Alberto Angelini<\/strong>: &#8220;Accolgo con piacere Davide Steardo nella rosa della Rari. E&#8217; un acquisto chiesto da me per rinforzare la squadra<strong>. Il suo ruolo di difensore sul centroboa \u00e8 importante per noi, ma \u00e8 un giocatore bravo anche nel pressing, dotato di un buon tiro e con esperienza in questo ruolo per rendere pi\u00f9 forte e sicuro il nostro gioco<\/strong>&#8220;.<\/p>\n","protected":false},"excerpt":{"rendered":"<p>Ancora un nuovo arrivo per la squadra biancorossa<\/p>\n","protected":false},"author":18,"featured_media":0,"comment_status":"open","ping_status":"closed","sticky":false,"template":"","format":"standard","meta":{"footnotes":""},"categories":[45296,32,47714],"tags":[166,165,3676],"class_list":["post-414984","post","type-post","status-publish","format-standard","hentry","category-copertina","category-sport","category-pallanuoto-sport","tag-pallanuoto","tag-rari-nantes-savona","tag-serie-a1","post_cat_citta-savona","post_tag_personaggi-alberto-angelini","post_tag_personaggi-davide-steardo"],"amp_validity":null,"amp_enabled":true,"_links":{"self":[{"href":"https:\/\/staging.ivg.it\/ediapi\/wp\/v2\/posts\/414984","targetHints":{"allow":["GET"]}}],"collection":[{"href":"https:\/\/staging.ivg.it\/ediapi\/wp\/v2\/posts"}],"about":[{"href":"https:\/\/staging.ivg.it\/ediapi\/wp\/v2\/types\/post"}],"author":[{"embeddable":true,"href":"https:\/\/staging.ivg.it\/ediapi\/wp\/v2\/users\/18"}],"replies":[{"embeddable":true,"href":"https:\/\/staging.ivg.it\/ediapi\/wp\/v2\/comments?post=414984"}],"version-history":[{"count":0,"href":"https:\/\/staging.ivg.it\/ediapi\/wp\/v2\/posts\/414984\/revisions"}],"wp:attachment":[{"href":"https:\/\/staging.ivg.it\/ediapi\/wp\/v2\/media?parent=414984"}],"wp:term":[{"taxonomy":"category","embeddable":true,"href":"https:\/\/staging.ivg.it\/ediapi\/wp\/v2\/categories?post=414984"},{"taxonomy":"post_tag","embeddable":true,"href":"https:\/\/staging.ivg.it\/ediapi\/wp\/v2\/tags?post=414984"}],"curies":[{"name":"wp","href":"https:\/\/api.w.org\/{rel}","templated":true}]}}