{"id":414983,"date":"2017-07-16T11:02:50","date_gmt":"2017-07-16T09:02:50","guid":{"rendered":"http:\/\/www.ivg.it\/?p=414983"},"modified":"2017-07-16T11:04:09","modified_gmt":"2017-07-16T09:04:09","slug":"gianni-pettenati-festeggia-50-anni-bandiera-gialla-ai-florida-loano-spero-la-cantino-sempre","status":"publish","type":"post","link":"https:\/\/staging.ivg.it\/2017\/07\/gianni-pettenati-festeggia-50-anni-bandiera-gialla-ai-florida-loano-spero-la-cantino-sempre\/","title":{"rendered":"Gianni Pettenati festeggia i 50 anni di &#8220;Bandiera Gialla&#8221; ai Florida di Loano: &#8220;Spero la cantino per sempre&#8221;"},"content":{"rendered":"<p><strong>Loano<\/strong>. Un autore mitico, una canzone leggendaria, un anniversario storico. Ieri sera\u00a0i Bagni Florida di Loano, gestiti dal vulcanico Yury Pastore Corrado, hanno ospitato\u00a0un evento destinato ad entrare nella storia della musica italiana: presso lo stabilimento loanese, infatti, si \u00e8 tenuta\u00a0la festa per i 50 anni di \u201cBandiera Gialla\u201d, il celebre successo di Gianni Pettenati.<\/p>\n<p>&#8220;Spero che quelli che mi sopravviveranno la canteranno ancora, un po\u2019 come \u2018O sole mio\u2019\u2026 &#8211; scherza Pettenati &#8211;\u00a0Direi che \u00e8 stata un\u2019idea splendida, a mio favore, che ho gradito immensamente&#8221;. Anni che passano ma che non intaccano il suo spirito: &#8220;Io mi sento come 50 anni fa, solo un po\u2019 pi\u00f9 stanco ma non tanto &#8211; rivela &#8211; La voglia di cantare e scrivere c\u2019\u00e8 sempre: scrivo anche testi per amici e libri, finora 8. E poi articoli per riviste di musica. Sono critico musicale, autore teatrale e di romanzi\u2026 non mi annoio&#8221;.<\/p>\n<p>\u201cE\u2019 stato un onore per noi avere Gianni Pettenati qui a festeggiare i 50 anni di una delle canzoni pi\u00f9 famose d\u2019Italia&#8221;\u00a0\u00e8 il commento del titolare dei Florida,\u00a0Yury Pastore Corrado. Quello di ieri era\u00a0solo il primo di una serie di appuntamenti imperdibili da lui voluti per festeggiare i suoi primi dieci anni di attivit\u00e0 alla guida dei Bagni Florida, uno degli stabilimenti balneari pi\u00f9 conosciuti e apprezzati del litorale di Loano: &#8220;Dieci anni insieme, io e Francesca, e andiamo avanti insieme &#8211; spiega &#8211; Come dice Rocky, non \u00e8 importante come colpisci ma come sai resistere ai colpi ed avere la forza di rialzarti se finisci al tappeto&#8221;.<\/p>\n<p>Tra due giorni, cio\u00e8 il 18 luglio, i Florida ospiteranno\u00a0l&#8217;autore di &#8216;Striscia la Notizia&#8217; Carlo Denei, che presenter\u00e0 il suo ultimo libro &#8216;Il tassista onesto&#8217;. A condurre la serata sar\u00e0 Elena Ballerini che ha da poco iniziato una nuova avventura al &#8216;Chiambretti Night&#8217; dove interpreta la moglie del presidente degli Stati Uniti Donald Trump. &#8220;Nella stessa serata, alle 22, ospiteremo anche Silvia Paonessa, autrice ed attrice savonese &#8211; rivela Pastore Corrado &#8211; che metter\u00e0 in scena i suo spettacolo &#8216;Asocial Network \u2013 Storie di nativi digitali&#8217; sul tema della tecnologia informatica e della telefonia mobile e dell&#8217;essere sempre collegati al mondo digitale\u201d.<\/p>\n<p>Si prosegue il 21 luglio con una serata dedicata alla bellezza: \u201cQuella sera il nostro dehor e anche parte della passeggiata ospiter\u00e0 una tappa di Miss Blumare. La vincitrice acceder\u00e0 alla finale di Miss Albenga Summer e poi alle finali nazionali del concorso\u201d.\u00a0Il mese di luglio si chiuder\u00e0 con un ospite d&#8217;eccezione: \u201cAvremo con noi Salvatore Esposito, protagonista della serie Sky pi\u00f9 vista al mondo, cio\u00e8 &#8216;Gomorra&#8217;. Quella sera avremo il tutto esaurito. Bloccheremo la passeggiata cos\u00ec come avvenuto qualche anno fa quando avevamo ospitato Rocco Siffredi\u201d.<\/p>\n<p>Il mese successivo sar\u00e0 altrettanto effervescente: \u201cAgosto sar\u00e0 dedicato ai comici di Zelig: avremo con noi Stefano Chiodaroli, Beppe Braida, il nostro Renzo Sinacori e infine Giancarlo Kalabrugovic, meglio conosciuto come &#8216;Pino dei palazzi&#8217;.<\/p>\n","protected":false},"excerpt":{"rendered":"<p>Ieri sera il primo di una serie di appuntamenti voluti da Yury Pastore Corrado per festeggiare i suoi primi dieci anni di attivit\u00e0<\/p>\n","protected":false},"author":10593,"featured_media":0,"comment_status":"open","ping_status":"closed","sticky":false,"template":"","format":"standard","meta":{"footnotes":""},"categories":[45296,56],"tags":[87508,95888],"class_list":["post-414983","post","type-post","status-publish","format-standard","hentry","category-copertina","category-altre","tag-bagni-florida-loano","tag-bandiera-gialla","post_cat_citta-loano","post_tag_personaggi-gianni-pettenati","post_tag_personaggi-yuri-pastore"],"amp_validity":null,"amp_enabled":true,"_links":{"self":[{"href":"https:\/\/staging.ivg.it\/ediapi\/wp\/v2\/posts\/414983","targetHints":{"allow":["GET"]}}],"collection":[{"href":"https:\/\/staging.ivg.it\/ediapi\/wp\/v2\/posts"}],"about":[{"href":"https:\/\/staging.ivg.it\/ediapi\/wp\/v2\/types\/post"}],"author":[{"embeddable":true,"href":"https:\/\/staging.ivg.it\/ediapi\/wp\/v2\/users\/10593"}],"replies":[{"embeddable":true,"href":"https:\/\/staging.ivg.it\/ediapi\/wp\/v2\/comments?post=414983"}],"version-history":[{"count":0,"href":"https:\/\/staging.ivg.it\/ediapi\/wp\/v2\/posts\/414983\/revisions"}],"wp:attachment":[{"href":"https:\/\/staging.ivg.it\/ediapi\/wp\/v2\/media?parent=414983"}],"wp:term":[{"taxonomy":"category","embeddable":true,"href":"https:\/\/staging.ivg.it\/ediapi\/wp\/v2\/categories?post=414983"},{"taxonomy":"post_tag","embeddable":true,"href":"https:\/\/staging.ivg.it\/ediapi\/wp\/v2\/tags?post=414983"}],"curies":[{"name":"wp","href":"https:\/\/api.w.org\/{rel}","templated":true}]}}