{"id":414499,"date":"2017-07-10T13:43:55","date_gmt":"2017-07-10T11:43:55","guid":{"rendered":"http:\/\/www.ivg.it\/?p=414499"},"modified":"2017-07-10T13:44:34","modified_gmt":"2017-07-10T11:44:34","slug":"savona-fbc-lutto-la-morte-ivana-martini-barista-del-bacigalupo","status":"publish","type":"post","link":"https:\/\/staging.ivg.it\/2017\/07\/savona-fbc-lutto-la-morte-ivana-martini-barista-del-bacigalupo\/","title":{"rendered":"Savona Fbc in lutto per la morte di Ivana Martini, barista del Bacigalupo"},"content":{"rendered":"<p><strong>Savona.<\/strong> Questa mattina \u00e8 arrivata una notizia che addolora tutto il mondo biancobl\u00f9: <strong>Ivana Martini,<\/strong> che da tanti anni era la responsabile del bar dello stadio Bacigalupo<strong>, \u00e8 venuta a mancare.<\/strong><\/p>\n<p><strong>Ivana da sempre \u00e8 stata un punto di riferimento per tutti i tifosi e per tutti i tesserati della societ\u00e0 savonese.<\/strong> I ragazzi hanno sempre trovato nel bar un luogo sicuro dove non sono mai mancate parole di conforto nei momenti pi\u00f9 difficili e sorrisi nei momenti di festa.<\/p>\n<p>&#8220;Per tutti noi \u00e8 un giorno triste e non sar\u00e0 mai pi\u00f9 la stessa cosa parcheggiare e non vederti pi\u00f9 sulla porta ad aspettarci con il tuo grande sorriso! Ciao Ivana!&#8221; dicono i dirigenti del <strong>Savona Fbc.<\/strong><\/p>\n<p><strong>I funerali si terranno domani, marted\u00ec 11 luglio<\/strong> alle ore 11, presso la parrocchia Sant&#8217;Ambrogio di Legino.<\/p>\n","protected":false},"excerpt":{"rendered":"<p>Ennesimo addio negli ultimi anni tra le persone affezionate alla squadra calcistica<\/p>\n","protected":false},"author":18,"featured_media":0,"comment_status":"open","ping_status":"closed","sticky":false,"template":"","format":"standard","meta":{"footnotes":""},"categories":[182,34,32],"tags":[85989,1220,9655],"class_list":["post-414499","post","type-post","status-publish","format-standard","hentry","category-calcio","category-cronaca","category-sport","tag-calcio","tag-lutto","tag-savona-fbc","post_cat_citta-savona","post_tag_personaggi-ivana-martini"],"amp_validity":null,"amp_enabled":true,"_links":{"self":[{"href":"https:\/\/staging.ivg.it\/ediapi\/wp\/v2\/posts\/414499","targetHints":{"allow":["GET"]}}],"collection":[{"href":"https:\/\/staging.ivg.it\/ediapi\/wp\/v2\/posts"}],"about":[{"href":"https:\/\/staging.ivg.it\/ediapi\/wp\/v2\/types\/post"}],"author":[{"embeddable":true,"href":"https:\/\/staging.ivg.it\/ediapi\/wp\/v2\/users\/18"}],"replies":[{"embeddable":true,"href":"https:\/\/staging.ivg.it\/ediapi\/wp\/v2\/comments?post=414499"}],"version-history":[{"count":0,"href":"https:\/\/staging.ivg.it\/ediapi\/wp\/v2\/posts\/414499\/revisions"}],"wp:attachment":[{"href":"https:\/\/staging.ivg.it\/ediapi\/wp\/v2\/media?parent=414499"}],"wp:term":[{"taxonomy":"category","embeddable":true,"href":"https:\/\/staging.ivg.it\/ediapi\/wp\/v2\/categories?post=414499"},{"taxonomy":"post_tag","embeddable":true,"href":"https:\/\/staging.ivg.it\/ediapi\/wp\/v2\/tags?post=414499"}],"curies":[{"name":"wp","href":"https:\/\/api.w.org\/{rel}","templated":true}]}}