{"id":414455,"date":"2017-07-10T08:56:22","date_gmt":"2017-07-10T06:56:22","guid":{"rendered":"http:\/\/www.ivg.it\/?p=414455"},"modified":"2017-07-10T08:56:22","modified_gmt":"2017-07-10T06:56:22","slug":"savona-torna-priamar-sotterraneo-ciclo-visite-guidate-alla-scoperta-dei-segreti-della-fortezza","status":"publish","type":"post","link":"https:\/\/staging.ivg.it\/2017\/07\/savona-torna-priamar-sotterraneo-ciclo-visite-guidate-alla-scoperta-dei-segreti-della-fortezza\/","title":{"rendered":"A Savona torna &#8220;Priamar Sotterraneo&#8221;, ciclo di visite guidate alla scoperta dei segreti della fortezza"},"content":{"rendered":"<p><strong>Savona.<\/strong> Anche nel mese di luglio, con il patrocinio del Comune di Savona, l&#8217;Istituto Internazionale di Studi Liguri e il Gruppo Speleologico Savonese DLF organizzano il ciclo di visite guidate &#8220;Priam\u00e0r Sotterraneo: alla scoperta dei segreti e delle segrete della Fortezza di Savona&#8221;.<\/p>\n<p>La prima visita si tiene questa sera, luned\u00ec 10 luglio, con ritrovo alle ore 20,45 sul Priam\u00e0r, presso l&#8217;ingresso del &#8220;Civico Museo Archeologico&#8221;, nella Piazza del Maschio.<\/p>\n<p>Per motivi di sicurezza sar\u00e0 ammesso un numero di visitatori non superiore a 90 persone: sar\u00e0 data la precedenza a chi si sar\u00e0 prenotato. Prenotazioni telefoniche (tel. 019.822.708) o tramite e-mail (info@museoarcheosavona.it).<\/p>\n<p>La visita comporta il biglietto d&#8217; ingresso al Museo Archeologico. I visitatori dovranno essere forniti di calzature adeguate e di una pila a mano o frontalino elettrico.<\/p>\n<p>All&#8217;iniziativa hanno collaborato anche le studentesse del Liceo Artistico &#8220;Martini&#8221;, che si sono occupate pure della cartellonistica e della grafica dell&#8217;evento.<\/p>\n","protected":false},"excerpt":{"rendered":"<p>Prima visita questa sera: ritrovo alle 20.45, precedenza ai prenotati<\/p>\n","protected":false},"author":10593,"featured_media":0,"comment_status":"open","ping_status":"closed","sticky":false,"template":"","format":"standard","meta":{"footnotes":""},"categories":[56],"tags":[85995,95752],"class_list":["post-414455","post","type-post","status-publish","format-standard","hentry","category-altre","tag-priamar","tag-priamar-sotterraneo","post_cat_citta-savona"],"amp_validity":null,"amp_enabled":true,"_links":{"self":[{"href":"https:\/\/staging.ivg.it\/ediapi\/wp\/v2\/posts\/414455","targetHints":{"allow":["GET"]}}],"collection":[{"href":"https:\/\/staging.ivg.it\/ediapi\/wp\/v2\/posts"}],"about":[{"href":"https:\/\/staging.ivg.it\/ediapi\/wp\/v2\/types\/post"}],"author":[{"embeddable":true,"href":"https:\/\/staging.ivg.it\/ediapi\/wp\/v2\/users\/10593"}],"replies":[{"embeddable":true,"href":"https:\/\/staging.ivg.it\/ediapi\/wp\/v2\/comments?post=414455"}],"version-history":[{"count":0,"href":"https:\/\/staging.ivg.it\/ediapi\/wp\/v2\/posts\/414455\/revisions"}],"wp:attachment":[{"href":"https:\/\/staging.ivg.it\/ediapi\/wp\/v2\/media?parent=414455"}],"wp:term":[{"taxonomy":"category","embeddable":true,"href":"https:\/\/staging.ivg.it\/ediapi\/wp\/v2\/categories?post=414455"},{"taxonomy":"post_tag","embeddable":true,"href":"https:\/\/staging.ivg.it\/ediapi\/wp\/v2\/tags?post=414455"}],"curies":[{"name":"wp","href":"https:\/\/api.w.org\/{rel}","templated":true}]}}