{"id":41357,"date":"2008-11-19T14:34:20","date_gmt":"2008-11-19T13:34:20","guid":{"rendered":"http:\/\/www.ivg.it\/2008\/11\/19\/ospedale-san-paolo-ecco-i-progetti-medico-sanitari\/"},"modified":"2008-11-20T14:01:43","modified_gmt":"2008-11-20T13:01:43","slug":"ospedale-san-paolo-ecco-i-progetti-medico-sanitari","status":"publish","type":"post","link":"https:\/\/staging.ivg.it\/2008\/11\/ospedale-san-paolo-ecco-i-progetti-medico-sanitari\/","title":{"rendered":"Ospedale San Paolo: i progetti per il rilancio medico-sanitario"},"content":{"rendered":"<p><strong>[thumb:94:l]Savona.<\/strong> Il Centro regionale di Chirurgia della Mano come Dea di II livello, unico in Liguria, il Centro regionale di Robotica chirurgica interdisciplinare, l&#8217;attivazione del nuovo pronto soccorso attraverso il potenziamento di tutti i servizi diagnostici e clinici, il polo oncologico della ASL 2, l&#8217;attivazione del Centro Ictus, la Colonscopia virtuale come sistema diagnostico alternativo all&#8217;endoscopia. Sono queste le aree medico-sanitarie da sviluppare all&#8217;ospedale San Paolo di Savona.<\/p>\n<p>Ne ha parlato questa mattina il il Prof. Fulvio Brema, a nome di tutti i primari, nell&#8217;incontro che si \u00e8 tenuto presso il nosocomio savonese con l&#8217;assessore regionale alla sanit\u00e0 Claudio Montaldo, il presidente della commissione sanit\u00e0 Antonino Miceli, il Direttore Generale dell&#8217;Agenzia regionale sanit\u00e0 Franco Bonanni, insieme al Direttore dell&#8217;ASL 2 Flavio Neirotti.<\/p>\n<p>Neirotti ha poi presentato i principali interventi che verranno realizzati, in accordo con le direttive della Regione: la riorganizzazione dei posti letto dell&#8217;ospedale San Paolo di Savona relativamente alle Medicine, all&#8217;Ortopedia e Traumatologia e alla Riabilitazione; la ridefinizione strutturate e strumentale dell&#8217;Emodinamica grazie anche al contributo della Fondazione De Mari; la riattivazione dei 3 posti letto in Rianimazione, nella post-intensiva; il parto in analgesia H24; l&#8217;incremento delle sedute operatorie per limitare e ridurre i tempi di attesa.<\/p>\n<p>Durante il momento dedicato al dialogo ed al confronto sono stati evidenziati alcuni punti critici quali la carenza di risorse, soprattutto in termini di personale e ancora la non significativa collaborazione e condivisione delle procedure operative all&#8217;interno della nuova azienda.<\/p>\n<p>\u00c9 stato evidenziato che proprio con l&#8217;obiettivo di favorire la collaborazione e l&#8217;integrazione di risorse e professionalit\u00e0 tra tutti i presidi ospedalieri, la direzione ha scelto ed applicato un&#8217;organizzazione di tipo Dipartimentale. Tale modello ha inoltre il pregio di riuscire a valorizzare e specializzare le strutture, secondo un&#8217;ottica di miglioramento qualitativo continuo.<\/p>\n<p>A tal proposito si \u00e8 ricordato che il 4 dicembre si terranno le elezioni dei 14 Direttori di Dipartimento e subito dopo con la nomina dei Direttori e la costituzione del nuovo Collegio di Direzione che collaborer\u00e0 con la Direzione Generale per la definizione delle strategie aziendali.Sar\u00e0 questo il vero momento in cui la nuova azienda sperimenter\u00e0 l&#8217;integrazione fra le strutture.<\/p>\n<p>Dai rappresentanti delle strutture territoriali \u00e8 stata fatta ufficialmente la richiesta di un nuovo momento di incontro per approfondire le criticit\u00e0 che le riguardano.<\/p>\n<p>L&#8217;incontro \u00e8 stato anche l&#8217;occasione per confermare, da parte dell&#8217;assessore regionale, i progressi che il servizio sanitario savonese ha compiuto negli ultimi mesi. Dall&#8217;anno scorso sono stati fatti grandi passi avanti e, nonostante i grandi cambiamenti messi in atto, nuovi equilibri stanno prendendo forma.<\/p>\n<p>Nel corso della mattinata si \u00e8 anche parlato della recente chiusura della Facolt\u00e0 di Medicina presso il Campus universitario di Savona. E&#8217; stato ribadito da parte dell&#8217;assessore l&#8217;impegno per approfondire la questione con le autorit\u00e0 competenti riconoscendo l&#8217;importanza di una sede distaccata di Medicina che utilizzi gli ospedali savonesi nella didattica, al fine di tenere sempre pi\u00f9 alto il livello scientifico delle discipline mediche.<\/p>\n","protected":false},"excerpt":{"rendered":"<p>[thumb:94:l]Savona. Il Centro regionale di Chirurgia della Mano come Dea di II livello, unico in Liguria, il Centro regionale di Robotica chirurgica interdisciplinare, l&#8217;attivazione del nuovo pronto soccorso attraverso il potenziamento di tutti i servizi diagnostici e clinici, il polo oncologico della ASL 2, l&#8217;attivazione del Centro Ictus, la Colonscopia virtuale come sistema diagnostico alternativo [&hellip;]<\/p>\n","protected":false},"author":4,"featured_media":0,"comment_status":"open","ping_status":"closed","sticky":false,"template":"","format":"standard","meta":{"footnotes":""},"categories":[34],"tags":[1282,874,311,111],"class_list":["post-41357","post","type-post","status-publish","format-standard","hentry","category-cronaca","tag-flavio-neirotti","tag-montaldo","tag-san-paolo","tag-sanita","post_cat_citta-andora","post_cat_citta-savona"],"amp_validity":null,"amp_enabled":true,"_links":{"self":[{"href":"https:\/\/staging.ivg.it\/ediapi\/wp\/v2\/posts\/41357","targetHints":{"allow":["GET"]}}],"collection":[{"href":"https:\/\/staging.ivg.it\/ediapi\/wp\/v2\/posts"}],"about":[{"href":"https:\/\/staging.ivg.it\/ediapi\/wp\/v2\/types\/post"}],"author":[{"embeddable":true,"href":"https:\/\/staging.ivg.it\/ediapi\/wp\/v2\/users\/4"}],"replies":[{"embeddable":true,"href":"https:\/\/staging.ivg.it\/ediapi\/wp\/v2\/comments?post=41357"}],"version-history":[{"count":0,"href":"https:\/\/staging.ivg.it\/ediapi\/wp\/v2\/posts\/41357\/revisions"}],"wp:attachment":[{"href":"https:\/\/staging.ivg.it\/ediapi\/wp\/v2\/media?parent=41357"}],"wp:term":[{"taxonomy":"category","embeddable":true,"href":"https:\/\/staging.ivg.it\/ediapi\/wp\/v2\/categories?post=41357"},{"taxonomy":"post_tag","embeddable":true,"href":"https:\/\/staging.ivg.it\/ediapi\/wp\/v2\/tags?post=41357"}],"curies":[{"name":"wp","href":"https:\/\/api.w.org\/{rel}","templated":true}]}}