{"id":412658,"date":"2017-06-16T14:33:09","date_gmt":"2017-06-16T12:33:09","guid":{"rendered":"http:\/\/www.ivg.it\/?p=412658"},"modified":"2017-06-16T14:33:09","modified_gmt":"2017-06-16T12:33:09","slug":"alassio-lassessore-vinai-buon-inizio-la-differenziata-chiediamo-maggiore-collaborazione","status":"publish","type":"post","link":"https:\/\/staging.ivg.it\/2017\/06\/alassio-lassessore-vinai-buon-inizio-la-differenziata-chiediamo-maggiore-collaborazione\/","title":{"rendered":"Alassio, l&#8217;assessore Vinai: &#8220;Buon inizio per la differenziata, ma chiediamo maggiore collaborazione&#8221;"},"content":{"rendered":"<p><strong>Alassio<\/strong>. \u201cSiamo soddisfatti dell&#8217;esordio del nuovo sistema di raccolta differenziata &#8216;porta a porta&#8217; a monte della ferrovia. Nei primi &#8216;ponti&#8217; e weekend in vista dell&#8217;estate, al di l\u00e0 di alcune problematiche fisiologiche, il sistema ha retto bene: siamo fiduciosi. Tuttavia, per prendere in prestito il titolo di una celebre canzone di qualche anno fa, si pu\u00f2 dare di pi\u00f9\u201d. Cos\u00ec Angelo Vinai, assessore all&#8217;ambiente del Comune di Alassio, commenta le prime settimane con il nuovo servizio di raccolta differenziata \u201cporta a porta\u201d avviato a monte della ferrovia.<\/p>\n<p>\u201cLa soddisfazione per il buon inizio \u00e8 data dal fatto che la cittadinanza sta partecipando attivamente e differenziando secondo le indicazioni. Chiediamo come sempre la massima collaborazione da parte di tutti, a cominciare dai condomini, dove \u00e8 opportuno ricordare che la differenziata non significa conferire ogni giorno i rifiuti, ma operare con le medesime modalit\u00e0 previste dal servizio, come avviene con i bidoncini. Inoltre, chi ha la possibilit\u00e0 deve tenere i bidoni all&#8217;interno del perimetro delle abitazioni e nei condomini e non, come abbiamo riscontrato in alcuni casi, nelle strade poich\u00e9 questa soluzione non \u00e8 praticabile \u201d, prosegue Vinai.<\/p>\n<p>\u201cSono positivamente impressionato dall&#8217;ottimo esordio, ma sono certo che sia possibile migliorare ancora. Comprendo che non sia semplice, nei primi tempi, ma serve l&#8217;impegno da parte di tutti per avere una citt\u00e0 pi\u00f9 pulita e pi\u00f9 rispettosa dell&#8217;ambiente\u201d, conclude l&#8217;assessore all&#8217;ambiente del Comune di Alassio.<\/p>\n","protected":false},"excerpt":{"rendered":"<p>\u201cSoddisfatti dall&#8217;esordio, riusciremo a migliorare ancora\u201d<\/p>\n","protected":false},"author":12120,"featured_media":0,"comment_status":"open","ping_status":"closed","sticky":false,"template":"","format":"standard","meta":{"footnotes":""},"categories":[31],"tags":[2219],"class_list":["post-412658","post","type-post","status-publish","format-standard","hentry","category-politica","tag-raccolta-differenziata","post_cat_citta-alassio","post_tag_personaggi-angelo-vinai"],"amp_validity":null,"amp_enabled":true,"_links":{"self":[{"href":"https:\/\/staging.ivg.it\/ediapi\/wp\/v2\/posts\/412658","targetHints":{"allow":["GET"]}}],"collection":[{"href":"https:\/\/staging.ivg.it\/ediapi\/wp\/v2\/posts"}],"about":[{"href":"https:\/\/staging.ivg.it\/ediapi\/wp\/v2\/types\/post"}],"author":[{"embeddable":true,"href":"https:\/\/staging.ivg.it\/ediapi\/wp\/v2\/users\/12120"}],"replies":[{"embeddable":true,"href":"https:\/\/staging.ivg.it\/ediapi\/wp\/v2\/comments?post=412658"}],"version-history":[{"count":0,"href":"https:\/\/staging.ivg.it\/ediapi\/wp\/v2\/posts\/412658\/revisions"}],"wp:attachment":[{"href":"https:\/\/staging.ivg.it\/ediapi\/wp\/v2\/media?parent=412658"}],"wp:term":[{"taxonomy":"category","embeddable":true,"href":"https:\/\/staging.ivg.it\/ediapi\/wp\/v2\/categories?post=412658"},{"taxonomy":"post_tag","embeddable":true,"href":"https:\/\/staging.ivg.it\/ediapi\/wp\/v2\/tags?post=412658"}],"curies":[{"name":"wp","href":"https:\/\/api.w.org\/{rel}","templated":true}]}}