{"id":411983,"date":"2017-06-08T11:09:30","date_gmt":"2017-06-08T09:09:30","guid":{"rendered":"http:\/\/www.ivg.it\/?p=411983"},"modified":"2017-06-09T14:09:05","modified_gmt":"2017-06-09T12:09:05","slug":"lo-aiutato-superare-le-difficolta-mamma-alunno-disabile-ringrazie-migliorini-finale","status":"publish","type":"post","link":"https:\/\/staging.ivg.it\/2017\/06\/lo-aiutato-superare-le-difficolta-mamma-alunno-disabile-ringrazie-migliorini-finale\/","title":{"rendered":"&#8220;Lo hanno aiutato a superare le difficolt\u00e0&#8221;: mamma di alunno disabile ringrazia il &#8220;Migliorini&#8221; di Finale"},"content":{"rendered":"<p>Chiedo di pubblicare queste poche righe perch\u00e9 non so come potrei fare altrimenti per esprimere il mio ringraziamento, la mia stima, il mio affetto a tutti quanti in questi sei anni hanno seguito l&#8217;iter scolastico di mio figlio presso l&#8217;Istituto Alberghiero Migliorini di Finale Ligure.<\/p>\n<p>Aggiungo anche un sentimento di rammarico perch\u00e9 non potr\u00f2 pi\u00f9 avere il supporto di quanti mi hanno aiutata a gestire &#8220;il tempo&#8221;, spesso troppo lungo, di mio figlio trovando quasi sempre una soluzione nel variare anche gli orari scolastici secondo le sue necessit\u00e0.<\/p>\n<p>Sono la mamma di Walter affetto da una disabilit\u00e0 importante che in tutti questi anni ha trovato, in questa scuola superiore, un aiuto continuo a superare le sue difficolt\u00e0 e una spinta a trovare un miglioramento al suo stato laddove poteva trovarlo. In questo lungo periodo si sono succeduti presidi, professori, insegnanti di sostegno, educatori e personale Ata ma in tutti, ripeto in tutti, Walter ha sempre trovato la ricerca a considerarlo come gli altri alunni e sono riusciti a farlo sentire a suo agio in ogni occasione, non ultime le gite di tre giorni nelle quali ha potuto vivere, con sua grande gioia, le esperienze degli altri ragazzi.<\/p>\n<p>Vorrei ancora evidenziare quanto siano stati importanti per Walter i compagni che lo hanno integrato nei loro gruppi, soprattutto in cucina, e che sempre incontrandolo, anche fuori dell&#8217;ambiente scolastico, lo salutano con affetto e tutto questo \u00e8 chiaramente dovuto agli adulti che hanno saputo creare una socializzazione e un rispetto che non sempre \u00e8 facile trovare di fronte ad una grave disabilit\u00e0.<\/p>\n<p>Grazie quindi di cuore da parte mia, ma soprattutto di Walter al quale non so ancora come potr\u00f2 spiegare, l&#8217;anno prossimo, che non potr\u00e0 pi\u00f9 andare in quella scuola dove per lui \u00e8 stato facile inserirsi, essere accettato e infine trovare un&#8217;accoglienza non forzata ma consapevole.<\/p>\n<p style=\"text-align: right;\"><strong>Elisabetta Quaglia<\/strong><\/p>\n","protected":false},"excerpt":{"rendered":"<p>&#8220;Non so ancora come potr\u00f2 spiegargli che non potr\u00e0 pi\u00f9 andare in quella scuola dove per lui \u00e8 stato facile inserirsi ed essere accettato&#8221;<\/p>\n","protected":false},"author":2394,"featured_media":0,"comment_status":"open","ping_status":"closed","sticky":false,"template":"","format":"standard","meta":{"footnotes":""},"categories":[120],"tags":[69309],"class_list":["post-411983","post","type-post","status-publish","format-standard","hentry","category-lettere","tag-istituto-alberghiero-migliorini","post_cat_citta-finale-ligure"],"amp_validity":null,"amp_enabled":true,"_links":{"self":[{"href":"https:\/\/staging.ivg.it\/ediapi\/wp\/v2\/posts\/411983","targetHints":{"allow":["GET"]}}],"collection":[{"href":"https:\/\/staging.ivg.it\/ediapi\/wp\/v2\/posts"}],"about":[{"href":"https:\/\/staging.ivg.it\/ediapi\/wp\/v2\/types\/post"}],"author":[{"embeddable":true,"href":"https:\/\/staging.ivg.it\/ediapi\/wp\/v2\/users\/2394"}],"replies":[{"embeddable":true,"href":"https:\/\/staging.ivg.it\/ediapi\/wp\/v2\/comments?post=411983"}],"version-history":[{"count":0,"href":"https:\/\/staging.ivg.it\/ediapi\/wp\/v2\/posts\/411983\/revisions"}],"wp:attachment":[{"href":"https:\/\/staging.ivg.it\/ediapi\/wp\/v2\/media?parent=411983"}],"wp:term":[{"taxonomy":"category","embeddable":true,"href":"https:\/\/staging.ivg.it\/ediapi\/wp\/v2\/categories?post=411983"},{"taxonomy":"post_tag","embeddable":true,"href":"https:\/\/staging.ivg.it\/ediapi\/wp\/v2\/tags?post=411983"}],"curies":[{"name":"wp","href":"https:\/\/api.w.org\/{rel}","templated":true}]}}