{"id":411893,"date":"2017-06-07T11:43:43","date_gmt":"2017-06-07T09:43:43","guid":{"rendered":"http:\/\/www.ivg.it\/?p=411893"},"modified":"2017-06-07T11:44:46","modified_gmt":"2017-06-07T09:44:46","slug":"convegno-laicita-spiritualita-anche-delegazione-ligure-al-quirinale","status":"publish","type":"post","link":"https:\/\/staging.ivg.it\/2017\/06\/convegno-laicita-spiritualita-anche-delegazione-ligure-al-quirinale\/","title":{"rendered":"Convegno su &#8220;laicit\u00e0 e spiritualit\u00e0&#8221;: anche una delegazione ligure al Quirinale"},"content":{"rendered":"<p><strong>Roma.<\/strong> Anche una folta delegazione ligure parteciper\u00e0 al convegno sul tema &#8220;laicit\u00e0 e spiritualit\u00e0&#8221; che si terr\u00e0 luned\u00ec 12 giugno a Roma all&#8217;Archivio Storico della Presidenza della Repubblica a Palazzo Sant\u2019Andrea (Via del Quirinale, 30) dalle ore 10 alle ore 13.<\/p>\n<p>L&#8217;evento \u00e8 promosso dal Centro Pannunzio diretto dal professor Pier Franco Quaglieni e dalla Fondazione Cortile dei Gentili presieduta dalla professoressa Consuelo Corradi su iniziativa del Pontificio Consiglio della Cultura.<\/p>\n<p>Il convegno verr\u00e0 introdotto dal cardinale Gianfranco Ravasi, Presidente del Pontificio Consiglio della Cultura. Parteciperanno inoltre i professori Eugenio Mazzarella dell&#8217;Universit\u00e0 degli Studi di Napoli Federico II, Silvano Petrosino dell&#8217;Universit\u00e0 Cattolica del Sacro Cuore e Luisella Battaglia dell&#8217;Universit\u00e0 di Genova. Il dialogo verr\u00e0 moderato dal prof. Giuliano Amato, Presidente della Consulta Scientifica del &#8220;Cortile dei Gentili&#8221;.<\/p>\n<p>Durante l&#8217;evento verranno trattati i temi della laicit\u00e0, spiritualit\u00e0 e umilt\u00e0. Gli interventi verranno ripresi e inseriti in una futura pubblicazione.<\/p>\n","protected":false},"excerpt":{"rendered":"<p>L&#8217;evento \u00e8 promosso dal Centro Pannunzio diretto dal professor Pier Franco Quaglieni e dalla Fondazione Cortile dei Gentili<\/p>\n","protected":false},"author":18374,"featured_media":0,"comment_status":"open","ping_status":"closed","sticky":false,"template":"","format":"standard","meta":{"footnotes":""},"categories":[56],"tags":[2293,15206,13581,94808],"class_list":["post-411893","post","type-post","status-publish","format-standard","hentry","category-altre","tag-centro-pannunzio","tag-laicita","tag-quirinale","tag-spiritualita","post_tag_personaggi-cardinale-ravasi","post_tag_personaggi-consuelo-corradi","post_tag_personaggi-eugenio-mazzarella","post_tag_personaggi-gianfranco-ravasi","post_tag_personaggi-giuliano-amato","post_tag_personaggi-luisella-battaglia","post_tag_personaggi-pier-franco-quaglieni","post_tag_personaggi-silvano-petrosino"],"amp_validity":null,"amp_enabled":true,"_links":{"self":[{"href":"https:\/\/staging.ivg.it\/ediapi\/wp\/v2\/posts\/411893","targetHints":{"allow":["GET"]}}],"collection":[{"href":"https:\/\/staging.ivg.it\/ediapi\/wp\/v2\/posts"}],"about":[{"href":"https:\/\/staging.ivg.it\/ediapi\/wp\/v2\/types\/post"}],"author":[{"embeddable":true,"href":"https:\/\/staging.ivg.it\/ediapi\/wp\/v2\/users\/18374"}],"replies":[{"embeddable":true,"href":"https:\/\/staging.ivg.it\/ediapi\/wp\/v2\/comments?post=411893"}],"version-history":[{"count":0,"href":"https:\/\/staging.ivg.it\/ediapi\/wp\/v2\/posts\/411893\/revisions"}],"wp:attachment":[{"href":"https:\/\/staging.ivg.it\/ediapi\/wp\/v2\/media?parent=411893"}],"wp:term":[{"taxonomy":"category","embeddable":true,"href":"https:\/\/staging.ivg.it\/ediapi\/wp\/v2\/categories?post=411893"},{"taxonomy":"post_tag","embeddable":true,"href":"https:\/\/staging.ivg.it\/ediapi\/wp\/v2\/tags?post=411893"}],"curies":[{"name":"wp","href":"https:\/\/api.w.org\/{rel}","templated":true}]}}