{"id":411684,"date":"2017-06-05T10:34:43","date_gmt":"2017-06-05T08:34:43","guid":{"rendered":"http:\/\/www.ivg.it\/?p=411684"},"modified":"2017-06-05T10:52:08","modified_gmt":"2017-06-05T08:52:08","slug":"ritardi-nei-finanziamenti-lallarme-dei-verdi-rischio-programmi-del-gal-valli-savonesi","status":"publish","type":"post","link":"https:\/\/staging.ivg.it\/2017\/06\/ritardi-nei-finanziamenti-lallarme-dei-verdi-rischio-programmi-del-gal-valli-savonesi\/","title":{"rendered":"Ritardi nei finanziamenti, l&#8217;allarme dei Verdi: &#8220;A rischio i programmi del &#8220;GAL- Valli Savonesi&#8221;"},"content":{"rendered":"<p><strong>Savona.<\/strong> &#8220;I finanziamenti europei FESR (Fondo Europeo di Sviluppo Regionale) per il PSR (Piano di Sviluppo Rurale) nel periodo 2014-2020 rimangono in larga parte dormienti. Quando si potr\u00e0 disporre del Sistema Informatico dell&#8217;AGEA (Agenzia per le Erogazioni in Agricoltura) al fine di poter eseguire tutti gli adempimenti per utilizzare le somme gi\u00e0 stanziate?!&#8221;. Se lo chiede il portavoce provinciale dei Verdi savonesi Gabriello Castellazzi che interviene sui ritardi nei finanziamenti europei FESR che mettono a rischio anche l&#8217;operativa del del \u201cGAL-Valli Savonesi\u201d.<\/p>\n<p>&#8220;Sembra certo che vi siano ritardi dovuti alla complessit\u00e0 nella predisposizione delle domande, nella modalit\u00e0 di attribuzione dei punteggi, ecc. Il GAL -Valli Savonesi (Gruppo di Azione Locale che comprende ben 51 Comuni in provincia di Savona) nel novembre dello scorso anno era stato ammesso ai finanziamenti regionali provenienti da FESR su tre settori di intervento strategico (8,5 milioni di euro). Ma negli stessi giorni l&#8217;assessore Regionale all&#8217;Agricoltura accennava a difficolt\u00e0 di inserimento delle domande per l&#8217;accesso ai bandi sulla piattaforma informatica del SIAN (Sistema Informatico Agricolo Nazionale di AGEA), difficolt\u00e0 che rendono particolarmente lento e complesso il completamento delle procedure richieste dal sistema\u201d.<\/p>\n<p>&#8220;A tutt&#8217;oggi, secondo i nostri dati, permangono gli ostacoli che bloccano l&#8217;utilizzo di questi fondi europei. Vogliamo ricordare che i finanziamenti europei partirono nel 2014 per tutti gli stati dell&#8217;Unione e oggi siamo gi\u00e0 a met\u00e0  2017. Molte nazioni sono pi\u00f9 avanti di noi ( dati ufficiali 13\/4\/2017 della \u201cCommissione Europea, Confronto tra gli stati membri 2014-2020\u201d). Questi partner europei hanno forse tecnici informatici pi\u00f9 bravi dei nostri?&#8221; aggiunge Castellazzi.<\/p>\n<p>&#8220;La realt\u00e0 \u00e8 preoccupante: se entro il 2018 (prossimo anno) i bandi non saranno perfezionati, sar\u00e0 estremamente difficile utilizzare le quote non impegnate che, con tutta probabilit\u00e0, verranno definitivamente perse con danni sociali incalcolabili. Secondo noi \u00e8 proprio ora che suoni qualche sveglia per i responsabili delle procedure (anche a livello politico regionale e nazionale), tenuto conto dei gravi problemi relativi alla disoccupazione giovanile e ai rischi di degrado del territorio&#8221;.<\/p>\n<p>&#8220;Ricordiamo brevemente i programmi presentati lo scorso luglio (\u00e8 passato quasi un anno) dal \u201cGAL- Valli Savonesi\u201d su tre settori di intervento strategico: turismo sostenibile, lotta al dissesto idrogeologico e recupero produttivo dei terreni agricoli. L&#8217;obiettivo \u00e8 quello di realizzare un ambito territoriale in cui gli abitanti siano messi in grado di governare un processo di sviluppo rurale sostenibile, ottenere un rapporto equilibrato tra attivit\u00e0 umane e ambiente, promuovere un processo virtuoso capace di valorizzare l&#8217;unicit\u00e0 del patrimonio agro-alimentare, naturale e culturale dell&#8217;entroterra savonese. In altre parole, un modello di sviluppo teso a coniugare occupazione giovanile e qualit\u00e0 della vita&#8221;.<\/p>\n<p>Gestire razionalmente il territorio vuol dire adottare tutti i sistemi capaci di fronteggiare gli eventi meteo estremi (sono attualissimi i problemi relativi ai mutamenti climatici). Riteniamo a questo punto doveroso rivolgere un appello alle forze politiche locali e a quelle che hanno responsabilit\u00e0 regionali (Assessorato all&#8217;Agricoltura-Parchi e Biodiversit\u00e0-Sviluppo dell&#8217;entroterra) e nazionali (Ministero delle Politiche Agricole, Alimentari e Forestali) affinch\u00e9 si attivino in modo da consentire la piena realizzazione dei programmi  \u201cGAL- Valli Savonesi\u201d conclude Castellazzi.<\/p>\n","protected":false},"excerpt":{"rendered":"<p>&#8220;I finanziamenti rischiano di essere persi, con grave danno per il territorio&#8221;<\/p>\n","protected":false},"author":4,"featured_media":0,"comment_status":"open","ping_status":"closed","sticky":false,"template":"","format":"standard","meta":{"footnotes":""},"categories":[35,31],"tags":[83577,295,499],"class_list":["post-411684","post","type-post","status-publish","format-standard","hentry","category-economia","category-politica","tag-gal-valli-savonesi","tag-regione","tag-verdi","post_cat_citta-savona"],"amp_validity":null,"amp_enabled":true,"_links":{"self":[{"href":"https:\/\/staging.ivg.it\/ediapi\/wp\/v2\/posts\/411684","targetHints":{"allow":["GET"]}}],"collection":[{"href":"https:\/\/staging.ivg.it\/ediapi\/wp\/v2\/posts"}],"about":[{"href":"https:\/\/staging.ivg.it\/ediapi\/wp\/v2\/types\/post"}],"author":[{"embeddable":true,"href":"https:\/\/staging.ivg.it\/ediapi\/wp\/v2\/users\/4"}],"replies":[{"embeddable":true,"href":"https:\/\/staging.ivg.it\/ediapi\/wp\/v2\/comments?post=411684"}],"version-history":[{"count":0,"href":"https:\/\/staging.ivg.it\/ediapi\/wp\/v2\/posts\/411684\/revisions"}],"wp:attachment":[{"href":"https:\/\/staging.ivg.it\/ediapi\/wp\/v2\/media?parent=411684"}],"wp:term":[{"taxonomy":"category","embeddable":true,"href":"https:\/\/staging.ivg.it\/ediapi\/wp\/v2\/categories?post=411684"},{"taxonomy":"post_tag","embeddable":true,"href":"https:\/\/staging.ivg.it\/ediapi\/wp\/v2\/tags?post=411684"}],"curies":[{"name":"wp","href":"https:\/\/api.w.org\/{rel}","templated":true}]}}