{"id":411610,"date":"2017-06-03T15:08:56","date_gmt":"2017-06-03T13:08:56","guid":{"rendered":"http:\/\/www.ivg.it\/?p=411610"},"modified":"2017-10-03T15:09:28","modified_gmt":"2017-10-03T13:09:28","slug":"piazza-bologna-sommersa-dai-rifiuti-infestata-topi-abbandonata-al-degrado","status":"publish","type":"post","link":"https:\/\/staging.ivg.it\/2017\/06\/piazza-bologna-sommersa-dai-rifiuti-infestata-topi-abbandonata-al-degrado\/","title":{"rendered":"Piazza Bologna sommersa dai rifiuti, infestata da topi e abbandonata al degrado"},"content":{"rendered":"<p>Sono un cittadino savonese stanco di vedere il mio quartiere trasformato in una immensa pattumiera. Certamente parte della colpa \u00e8 da ricercare negli abitanti sempre pi\u00f9 scostumati e negligenti, ma \u00e8 anche vero che sono mesi che non si vede uno spazzino da queste parti. Ci sono bambini che giocano nella spazzatura mentre respirano il fetore delle foglie marce cadute e mai raccolte. C&#8217;\u00e8 sporcizia in ogni angolo della piazza dove non \u00e8 raro incrociare qualche ratto a passeggio. Ma stiamo scherzando?<\/p>\n<p>Non \u00e8 pi\u00f9 tollerabile vivere in questo modo. Piazza Bologna \u00e8 diventata una discarica a cielo aperto evidenziando ancora una volta l&#8217;incuria e la strafottenza dell&#8217;attuale sindaco. Io, come del resto gli altri abitanti di piazza Bologna, paghiamo le tasse e pretendiamo rispetto e cura. Piazza Bologna non deve essere considerato quartiere di serie B.<\/p>\n<p>Vi do 2 giorni di tempo per provvedere ad una profonda e radicale pulizia, dopodich\u00e9 mi rivolger\u00f2 alla Regione Liguria e contemporaneamente muover\u00f2 formale protesta al ministero per inadeguatezza dell&#8217;attuale giunta comunale.<\/p>\n<p>Posso farlo e state pur certi che lo far\u00f2!<\/p>\n<p style=\"text-align: right;\"><em><strong>Antonio Basile<\/strong><\/em><\/p>\n","protected":false},"excerpt":{"rendered":"<p>La protesta di un residente sulla situazione nel cuore di Villapiana<\/p>\n","protected":false},"author":11510,"featured_media":0,"comment_status":"open","ping_status":"closed","sticky":false,"template":"","format":"standard","meta":{"footnotes":""},"categories":[45296,56,120],"tags":[74203,2906,194],"class_list":["post-411610","post","type-post","status-publish","format-standard","hentry","category-copertina","category-altre","category-lettere","tag-degrado-urbano","tag-piazza-bologna","tag-villapiana","post_cat_citta-savona"],"amp_validity":null,"amp_enabled":true,"_links":{"self":[{"href":"https:\/\/staging.ivg.it\/ediapi\/wp\/v2\/posts\/411610","targetHints":{"allow":["GET"]}}],"collection":[{"href":"https:\/\/staging.ivg.it\/ediapi\/wp\/v2\/posts"}],"about":[{"href":"https:\/\/staging.ivg.it\/ediapi\/wp\/v2\/types\/post"}],"author":[{"embeddable":true,"href":"https:\/\/staging.ivg.it\/ediapi\/wp\/v2\/users\/11510"}],"replies":[{"embeddable":true,"href":"https:\/\/staging.ivg.it\/ediapi\/wp\/v2\/comments?post=411610"}],"version-history":[{"count":0,"href":"https:\/\/staging.ivg.it\/ediapi\/wp\/v2\/posts\/411610\/revisions"}],"wp:attachment":[{"href":"https:\/\/staging.ivg.it\/ediapi\/wp\/v2\/media?parent=411610"}],"wp:term":[{"taxonomy":"category","embeddable":true,"href":"https:\/\/staging.ivg.it\/ediapi\/wp\/v2\/categories?post=411610"},{"taxonomy":"post_tag","embeddable":true,"href":"https:\/\/staging.ivg.it\/ediapi\/wp\/v2\/tags?post=411610"}],"curies":[{"name":"wp","href":"https:\/\/api.w.org\/{rel}","templated":true}]}}