{"id":410778,"date":"2017-05-24T10:57:46","date_gmt":"2017-05-24T08:57:46","guid":{"rendered":"http:\/\/www.ivg.it\/?p=410778"},"modified":"2017-05-24T10:57:46","modified_gmt":"2017-05-24T08:57:46","slug":"rapporto-uomo-animale-al-centro-della-giornata-conclusiva-del-polo-filosofia","status":"publish","type":"post","link":"https:\/\/staging.ivg.it\/2017\/05\/rapporto-uomo-animale-al-centro-della-giornata-conclusiva-del-polo-filosofia\/","title":{"rendered":"Il rapporto uomo-animale al centro della giornata conclusiva del polo di Filosofia"},"content":{"rendered":"<p><strong>Savona<\/strong>. Si \u00e8 svolta ieri presso il liceo scientifico Orazio Grassi di Savona la giornata conclusiva del polo di Filosofia, al quale hanno aderito molti Istititi savonesi: oltre al liceo ospitante, il liceo Chiabrera- Martini, il liceo Calasanzio di Carcare e l&#8217;Istituto Boselli- Alberti di Savona.<\/p>\n<p>Alla presenza dei Dirigenti scolastici: Fulvio Bianchi, che ha introdotto i lavori, Alfonso Gargano e Maria Laura Tasso, dell&#8217;assessore alle politiche giovanili Barbara Marozzi, in rappresentanza del Comune di Savona, e dei professori che hanno coordinato le ricerche, gli studenti hanno dissertato sul tema molto attuale del rapporto uomo-animale, sotto vari punti di vista, anche a seconda dell&#8217;indirizzo di studio.<\/p>\n<p>Le relazioni hanno approfondito la concezione degli animali nella storia della filosofia, nell&#8217;arte nella letteratura (in particolare nell&#8217;opera di Giacomo Leopardi) nel diritto, nell&#8217;architettura e nell&#8217;ambiente in cui viviamo. Si \u00e8 giunti ad interessanti conclusioni circa il nuovo rapporto e la sensibilit\u00e0 che oggi abbiamo nei loro confronti, pur rimanendo comportamenti di crudelt\u00e0, di sfruttamento e di una non sempre adeguata convivenza.<\/p>\n<p>Gli studenti hanno esposto con senso critico, scioltezza espositiva ed efficace utilizzo degli strumenti multimediali, dimostrando grande profondit\u00e0 di pensiero e maturit\u00e0.<\/p>\n","protected":false},"excerpt":{"rendered":"<p>Gli studenti si sono ritrovati nel liceo scientifico &#8220;Orazio Grassi&#8221;<\/p>\n","protected":false},"author":2394,"featured_media":0,"comment_status":"open","ping_status":"closed","sticky":false,"template":"","format":"standard","meta":{"footnotes":""},"categories":[56],"tags":[84822],"class_list":["post-410778","post","type-post","status-publish","format-standard","hentry","category-altre","tag-polo-di-filosofia","post_cat_citta-savona"],"amp_validity":null,"amp_enabled":true,"_links":{"self":[{"href":"https:\/\/staging.ivg.it\/ediapi\/wp\/v2\/posts\/410778","targetHints":{"allow":["GET"]}}],"collection":[{"href":"https:\/\/staging.ivg.it\/ediapi\/wp\/v2\/posts"}],"about":[{"href":"https:\/\/staging.ivg.it\/ediapi\/wp\/v2\/types\/post"}],"author":[{"embeddable":true,"href":"https:\/\/staging.ivg.it\/ediapi\/wp\/v2\/users\/2394"}],"replies":[{"embeddable":true,"href":"https:\/\/staging.ivg.it\/ediapi\/wp\/v2\/comments?post=410778"}],"version-history":[{"count":0,"href":"https:\/\/staging.ivg.it\/ediapi\/wp\/v2\/posts\/410778\/revisions"}],"wp:attachment":[{"href":"https:\/\/staging.ivg.it\/ediapi\/wp\/v2\/media?parent=410778"}],"wp:term":[{"taxonomy":"category","embeddable":true,"href":"https:\/\/staging.ivg.it\/ediapi\/wp\/v2\/categories?post=410778"},{"taxonomy":"post_tag","embeddable":true,"href":"https:\/\/staging.ivg.it\/ediapi\/wp\/v2\/tags?post=410778"}],"curies":[{"name":"wp","href":"https:\/\/api.w.org\/{rel}","templated":true}]}}