{"id":410692,"date":"2017-05-23T11:43:57","date_gmt":"2017-05-23T09:43:57","guid":{"rendered":"http:\/\/www.ivg.it\/?p=410692"},"modified":"2017-05-23T12:33:17","modified_gmt":"2017-05-23T10:33:17","slug":"500-dritti-allisola-nuoto-dalla-gallinara-al-porto-alassio","status":"publish","type":"post","link":"https:\/\/staging.ivg.it\/2017\/05\/500-dritti-allisola-nuoto-dalla-gallinara-al-porto-alassio\/","title":{"rendered":"In 500 a &#8220;Dritti all&#8217;isola&#8221; a nuoto dalla Gallinara al porto di Alassio"},"content":{"rendered":"<p><strong>Alassio<\/strong>. Record di iscritti per &#8220;Dritti all&#8217;Isola&#8221;, l&#8217;open waters swimming event che si terr\u00e0 domenica prossima ad Alassio. In 500 parteciperanno ad una manifestazione che saluter\u00e0 l&#8217;arrivo dell&#8217;estate. Nuoter\u00e0 anche Edoardo Stocchino, atleta delle fiamme oro e della Nazionale Italiana. Ha vinto l&#8217;oro al campionato italiano 25 chilometri 2016 e l&#8217;oro alla coppa del mondo 25 chilometri 2016.<\/p>\n<p>Due i percorsi previsti: il &#8220;corto&#8221; sulla lunghezza di 2,5 chilometri con 360 partenti e il &#8220;lungo&#8221; di 5 chilometri con 140 partenti. I partecipanti, prima dello start, saranno accompagnati a bordo di diverse imbarcazioni fino alla Gallinara. Da qui si partir\u00e0 per raggiungere la costa. <\/p>\n<p>Il programma \u00e8 stato curato nei minimi dettagli: sabato 27 maggio ritiro pacchi gara e chip dalle 15 alle 18 presso il porto Luca Ferrari di Alassio. Domenica 28 maggio ritiro pacchi gara e chip 2.5km dalle 7.30 alle 8.30 presso il porto Luca Ferrari di Alassio, ritiro pacchi gara e chip 5.0km dalle 7.30 alle 10 presso il porto Luca Ferrari di Alassio. Alle 8,35 si terr\u00e0 poi il briefing della 2.5 km; alle 9 imbarco della prima batteria della 2.5 chilometri, quindi alle 9,30 la partenza. Alle 10 l&#8217;imbarco della seconda batteria della 2.5 chilometri e mezz&#8217;ora dopo la partenza. Alle 11 l&#8217;imbarco della terza batteria della 2.5 chilometri e mezz&#8217;ora dopo la partenza. Il tempo massimo per la 2.5 chilometri \u00e8 di 90 minuti. <\/p>\n<p>&#8220;Gli orari sono da considerarsi indicativi, difficile stimare il giusto tempo di trasferimento e delle operazioni di sbarco in quanto strettamente legate alle condizioni meteo marine&#8221;, spiega Mattia Rovere, l&#8217;organizzatore dell&#8217;evento. <\/p>\n<p>Dopo il pasta party delle 12 alle 12,30 ingresso griglie e briefing per la 5 chilometri. La partenza \u00e8 prevista alle 13 con un tempo massimo di 150 minuti. Le premiazioni sono previste per le 16.<\/p>\n","protected":false},"excerpt":{"rendered":"<p>Nuoter\u00e0 anche Edoardo Stocchino, atleta delle fiamme oro e della Nazionale Italiana<\/p>\n","protected":false},"author":12291,"featured_media":0,"comment_status":"open","ping_status":"closed","sticky":false,"template":"","format":"standard","meta":{"footnotes":""},"categories":[45296,42377,134,32],"tags":[91969],"class_list":["post-410692","post","type-post","status-publish","format-standard","hentry","category-copertina","category-altri-sport","category-rank","category-sport","tag-dritti-allisola","post_cat_citta-alassio","post_tag_personaggi-edoardo-stocchino"],"amp_validity":null,"amp_enabled":true,"_links":{"self":[{"href":"https:\/\/staging.ivg.it\/ediapi\/wp\/v2\/posts\/410692","targetHints":{"allow":["GET"]}}],"collection":[{"href":"https:\/\/staging.ivg.it\/ediapi\/wp\/v2\/posts"}],"about":[{"href":"https:\/\/staging.ivg.it\/ediapi\/wp\/v2\/types\/post"}],"author":[{"embeddable":true,"href":"https:\/\/staging.ivg.it\/ediapi\/wp\/v2\/users\/12291"}],"replies":[{"embeddable":true,"href":"https:\/\/staging.ivg.it\/ediapi\/wp\/v2\/comments?post=410692"}],"version-history":[{"count":0,"href":"https:\/\/staging.ivg.it\/ediapi\/wp\/v2\/posts\/410692\/revisions"}],"wp:attachment":[{"href":"https:\/\/staging.ivg.it\/ediapi\/wp\/v2\/media?parent=410692"}],"wp:term":[{"taxonomy":"category","embeddable":true,"href":"https:\/\/staging.ivg.it\/ediapi\/wp\/v2\/categories?post=410692"},{"taxonomy":"post_tag","embeddable":true,"href":"https:\/\/staging.ivg.it\/ediapi\/wp\/v2\/tags?post=410692"}],"curies":[{"name":"wp","href":"https:\/\/api.w.org\/{rel}","templated":true}]}}