{"id":410450,"date":"2017-05-19T17:08:19","date_gmt":"2017-05-19T15:08:19","guid":{"rendered":"http:\/\/www.ivg.it\/?p=410450"},"modified":"2017-05-23T16:49:33","modified_gmt":"2017-05-23T14:49:33","slug":"judo-domenica-la-edizione-della-sharin-cup","status":"publish","type":"post","link":"https:\/\/staging.ivg.it\/2017\/05\/judo-domenica-la-edizione-della-sharin-cup\/","title":{"rendered":"Judo, domenica la prima edizione della &#8220;Sharin Cup&#8221;"},"content":{"rendered":"<p><strong>Quiliano.<\/strong> Domenica 21 maggio si svolger\u00e0 la <strong>prima edizione della &#8220;Sharin Cup&#8221;, trofeo di judo riservato alla categoria Esordienti<\/strong> (under 14) <strong>ed alle categorie giovanili<\/strong> (dai 4 agli 11 anni).<\/p>\n<p>La manifestazione, che \u00e8 organizzata dall&#8217;associazione sportiva dilettantistica Sharin Judo in collaborazione e con il patrocinio del Comitato regionale ligure Fijlkam e della Libertas<strong>, si svolger\u00e0 nel palazzetto dello sport di Quiliano in piazza della Costituzione 2.<\/strong><\/p>\n<p><strong>Il trofeo \u00e8 diviso in due parti:<\/strong> la prima dedicata alla classe Esordienti, in cui militano i judoka di et\u00e0 compresa fra i 12 e i 14 anni; la seconda riservata ai piccoli judoka: i Bambini (da 4 a 7 anni), i Fanciulli (8 e 9 anni) e infine i Ragazzi (10 e 11 anni).<\/p>\n<p><strong>La &#8220;Sharin Cup&#8221; segue il &#8220;Trofeo di Judo QuiSport&#8221; organizzato per tre anni dal 2013 al 2015<\/strong>. All&#8217;ultima edizione del Trofeo avevano partecipato quasi quattrocento judoka di et\u00e0 compresa fra i 4 e i 14 anni.<\/p>\n<p>Alle passate edizioni della competizione hanno preso parte associazioni sportive provenienti non solo da tutta la Liguria, ma anche dal Piemonte, dalla Toscana e dalla Costa Azzurra.<\/p>\n<p>Afferma il presidente dello Sharin Judo,<strong> Giuseppe Grillo:<\/strong> &#8220;Il palazzetto di Quiliano ci ha sempre consentito di organizzare in maniera ottimale l&#8217;evento per una serie di fattori: la grande disponibilit\u00e0 di parcheggi, l&#8217;ampiezza delle aree di gara e delle tribune, la disposizione ad arena degli spalti offre una perfetta visibilit\u00e0 delle gesta sportive che si svolgono sui tatami di gara.<strong> Tra pubblico e partecipanti ci aspettiamo l&#8217;arrivo, nell&#8217;arco della giornata, di circa 1.500 persone.<\/strong> Inoltre, quest&#8217;anno ci sono due ingredienti in pi\u00f9:<strong> l&#8217;edizione 2017 celebra i dieci anni di attivit\u00e0 dell&#8217;ASD Sharin Judo e, nell&#8217;occasione festeggeremo anche lo storico presidente della societ\u00e0 organizzatrice, Filippo Faranda, che \u00e8 stato eletto presidente del Comitato regionale ligure Fijlkam<\/strong>&#8220;.<\/p>\n","protected":false},"excerpt":{"rendered":"<p>L&#8217;evento prende il posto del &#8220;Trofeo di Judo QuiSport&#8221;<\/p>\n","protected":false},"author":18,"featured_media":0,"comment_status":"open","ping_status":"closed","sticky":false,"template":"","format":"standard","meta":{"footnotes":""},"categories":[45296,42377,32],"tags":[94294,3806,94293],"class_list":["post-410450","post","type-post","status-publish","format-standard","hentry","category-copertina","category-altri-sport","category-sport","tag-asd-sharin-judo","tag-judo","tag-sharin-cup","post_cat_citta-quiliano","post_cat_citta-savona"],"amp_validity":null,"amp_enabled":true,"_links":{"self":[{"href":"https:\/\/staging.ivg.it\/ediapi\/wp\/v2\/posts\/410450","targetHints":{"allow":["GET"]}}],"collection":[{"href":"https:\/\/staging.ivg.it\/ediapi\/wp\/v2\/posts"}],"about":[{"href":"https:\/\/staging.ivg.it\/ediapi\/wp\/v2\/types\/post"}],"author":[{"embeddable":true,"href":"https:\/\/staging.ivg.it\/ediapi\/wp\/v2\/users\/18"}],"replies":[{"embeddable":true,"href":"https:\/\/staging.ivg.it\/ediapi\/wp\/v2\/comments?post=410450"}],"version-history":[{"count":0,"href":"https:\/\/staging.ivg.it\/ediapi\/wp\/v2\/posts\/410450\/revisions"}],"wp:attachment":[{"href":"https:\/\/staging.ivg.it\/ediapi\/wp\/v2\/media?parent=410450"}],"wp:term":[{"taxonomy":"category","embeddable":true,"href":"https:\/\/staging.ivg.it\/ediapi\/wp\/v2\/categories?post=410450"},{"taxonomy":"post_tag","embeddable":true,"href":"https:\/\/staging.ivg.it\/ediapi\/wp\/v2\/tags?post=410450"}],"curies":[{"name":"wp","href":"https:\/\/api.w.org\/{rel}","templated":true}]}}