{"id":410355,"date":"2017-05-22T08:00:59","date_gmt":"2017-05-22T06:00:59","guid":{"rendered":"http:\/\/www.ivg.it\/?p=410355"},"modified":"2017-05-22T12:49:41","modified_gmt":"2017-05-22T10:49:41","slug":"loano-festeggia-60-anni-negozio-frutta-verdura-carla-aicardi-angelo-romuali","status":"publish","type":"post","link":"https:\/\/staging.ivg.it\/2017\/05\/loano-festeggia-60-anni-negozio-frutta-verdura-carla-aicardi-angelo-romuali\/","title":{"rendered":"Loano, festeggia 60 anni il negozio di frutta e verdura di Carla Aicardi e Angelo Romuali"},"content":{"rendered":"<p><strong>Loano<\/strong>. E&#8217; una delle botteghe storiche della citt\u00e0, ma anche la culla di un amore e di una \u201ccollaborazione\u201d che va avanti con successo da pi\u00f9 di mezzo secolo. Festeggia oggi i suoi (primi) sessant&#8217;anni di attivit\u00e0 il negozio di frutta e verdura gestito da Maria Carla Aicardi e Angelo Romuali in via Ghilini a Loano, che questa mattina hanno ricevuto una apposita targa dal sindaco Luigi Pignocca e dal consigliere regionale Angelo Vaccarezza.<div class=\"single-img-content-container fullwidth-single shortcode standard\">\n    <div class=\"image_container\" style=\"text-align: center;\">\n        <picture class=\" lazyload\"><img loading=\"lazy\" class=\"lazy\" data-srcset=\"https:\/\/www.ivg.it\/photogallery_new\/images\/2017\/05\/maria-carla-aicardi-angelo-romuali-loano-401949.jpg 1024w, https:\/\/www.ivg.it\/photogallery_new\/images\/2017\/05\/maria-carla-aicardi-angelo-romuali-loano-401949.jpg 970w, https:\/\/www.ivg.it\/photogallery_new\/images\/2017\/05\/maria-carla-aicardi-angelo-romuali-loano-401949.jpg 660w, https:\/\/www.ivg.it\/photogallery_new\/images\/2017\/05\/maria-carla-aicardi-angelo-romuali-loano-401949.jpg 316w, https:\/\/www.ivg.it\/photogallery_new\/images\/2017\/05\/maria-carla-aicardi-angelo-romuali-loano-401949.jpg 150w\"  data-src=\"https:\/\/www.ivg.it\/photogallery_new\/images\/2017\/05\/maria-carla-aicardi-angelo-romuali-loano-401949.jpg\" alt=\"Maria Carla Aicardi Angelo Romuali Loano\" \/><\/picture>\r\n\n    <\/div>\n    <\/div>\n<\/p>\n<p>Era infatti il 22 maggio del 1957 quando l&#8217;allora sedicenne Maria Carla apr\u00ec per la prima volta le porte della sua bottega nel cuore pi\u00f9 antico della localit\u00e0 rivierasca. Ai tempi il negozio aveva una \u201cgemello\u201d posto sulla via Aurelia e gestito da Vittoria, sorella di Maria Carla. Dopo soli tre anni di vita, per\u00f2, la seconda rivendita chiuse e l&#8217;unica a portare avanti l&#8217;attivit\u00e0 rimase Maria Carla, che con impegno e dedizione riusc\u00ec ad imporsi come una delle attivit\u00e0 pi\u00f9 importanti della citt\u00e0: per acquistare i suoi prodotti (che a quei tempi non erano classificati come \u201ca chilometro zero\u201d pur essendolo gi\u00e0) i clienti si recavano a Loano spostandosi dalle citt\u00e0 vicine.<\/p>\n<p>Nel 1961 il personale del negozio si allarg\u00f2: infatti, a dare una mano a Carla (cos\u00ec come pi\u00f9 semplicemente la conoscono i loanesi) arriv\u00f2 suo marito Angelo. E da allora Carla e Angelo hanno lavorato ogni giorno gomito a gomito portando avanti con successo la loro attivit\u00e0. Che negli anni si \u00e8 ampliata: se all&#8217;inizio, infatti, il negozio aveva un&#8217;unica entrata su via Ghilini, in seguito Carla ed Angelo riuscirono ad \u201caffacciarsi\u201d anche sulla passeggiata a mare acquisendo i locali sul retro che in precedenza erano adibiti a rimessa per le barche.<\/p>\n<p>Con l&#8217;avvento dei supermercati e della grande distribuzione Carla e Angelo diversificarono la loro offerta. Anche per input del figlio Marco, che d\u00e0 loro una mano in bottega pur occupandosi di altro, alla vendita di frutta e verdura si \u00e8 aggiunta quella di frutta secca e disidrata e legumi sciolti, farina macinata a pietra ed altre specialit\u00e0 assai ricercate e tutte rigorosamente italiane.<\/p>\n<div class=\"single-img-content-container fullwidth-single shortcode standard\">\n    <div class=\"image_container\" style=\"text-align: center;\">\n        <picture class=\" lazyload\"><img loading=\"lazy\" class=\"lazy\" data-srcset=\"https:\/\/www.ivg.it\/photogallery_new\/images\/2017\/05\/personaggi-400903.jpg 1024w, https:\/\/www.ivg.it\/photogallery_new\/images\/2017\/05\/personaggi-400903.jpg 970w, https:\/\/www.ivg.it\/photogallery_new\/images\/2017\/05\/personaggi-400903.jpg 660w, https:\/\/www.ivg.it\/photogallery_new\/images\/2017\/05\/personaggi-400903.jpg 316w, https:\/\/www.ivg.it\/photogallery_new\/images\/2017\/05\/personaggi-400903.jpg 150w\"  data-src=\"https:\/\/www.ivg.it\/photogallery_new\/images\/2017\/05\/personaggi-400903.jpg\" alt=\"Maria Carla Aicardi Angelo Romuali Loano\" \/><\/picture>\r\n\n    <\/div>\n    <\/div>\n\n<p>Oggi, dopo sei decadi di attivit\u00e0, \u201cla Carla\u201d \u00e8 una vera e propria istituzione. E nonostante gli anni passati dietro al bancone e l&#8217;et\u00e0 non pi\u00f9 verde (Carla ha 76 anni ed Angelo 84), di mollare la coppia non ne vuole proprio sapere. E cos\u00ec il traguardo dei 60 anni non \u00e8 affatto un punto di arrivo, ma quasi certamente un punto di partenza.<\/p>\n<p>&#8220;Insieme al sindaco Luigi Pignocca, abbiamo voluto rendere omaggio a chi in questa citt\u00e0 ha scelto di vivere, di investire una vita intera, creando quello che pi\u00f9 che un negozio \u00e8 un vero e proprio punto di incontro &#8211; dice Angelo Vaccarezza -. Il negozio di Frutta e Verdura di &#8220;Angelo e Carla&#8221; c&#8217;\u00e8 da sempre, qui l&#8217;attivit\u00e0 inizi\u00f2 il 22 maggio di 60 anni fa. Da allora, tante cose sono cambiate. Sicuramente non \u00e8 cambiato l&#8217;amore che Carla e Angelo mettono nei piccoli gesti di ogni giorno per servire i clienti&#8221;.<\/p>\n<p>&#8220;Non \u00e8 cambiata la cura che usano nell&#8217;offerta produttiva. Qui si respira storia, tradizione e rispetto per gli antichi valori&#8221; conclude Vaccarezza.<\/p>\n","protected":false},"excerpt":{"rendered":"<p>La bottega apr\u00ec esattamente il 22 maggio del 1957<\/p>\n","protected":false},"author":12120,"featured_media":0,"comment_status":"open","ping_status":"closed","sticky":false,"template":"","format":"standard","meta":{"footnotes":""},"categories":[45296,56],"tags":[1836],"class_list":["post-410355","post","type-post","status-publish","format-standard","hentry","category-copertina","category-altre","tag-compleanno","post_cat_citta-loano","post_tag_personaggi-angelo-romuali","post_tag_personaggi-marco-romuali","post_tag_personaggi-maria-carla-aicardi"],"amp_validity":null,"amp_enabled":true,"_links":{"self":[{"href":"https:\/\/staging.ivg.it\/ediapi\/wp\/v2\/posts\/410355","targetHints":{"allow":["GET"]}}],"collection":[{"href":"https:\/\/staging.ivg.it\/ediapi\/wp\/v2\/posts"}],"about":[{"href":"https:\/\/staging.ivg.it\/ediapi\/wp\/v2\/types\/post"}],"author":[{"embeddable":true,"href":"https:\/\/staging.ivg.it\/ediapi\/wp\/v2\/users\/12120"}],"replies":[{"embeddable":true,"href":"https:\/\/staging.ivg.it\/ediapi\/wp\/v2\/comments?post=410355"}],"version-history":[{"count":0,"href":"https:\/\/staging.ivg.it\/ediapi\/wp\/v2\/posts\/410355\/revisions"}],"wp:attachment":[{"href":"https:\/\/staging.ivg.it\/ediapi\/wp\/v2\/media?parent=410355"}],"wp:term":[{"taxonomy":"category","embeddable":true,"href":"https:\/\/staging.ivg.it\/ediapi\/wp\/v2\/categories?post=410355"},{"taxonomy":"post_tag","embeddable":true,"href":"https:\/\/staging.ivg.it\/ediapi\/wp\/v2\/tags?post=410355"}],"curies":[{"name":"wp","href":"https:\/\/api.w.org\/{rel}","templated":true}]}}