{"id":410338,"date":"2017-05-18T16:26:11","date_gmt":"2017-05-18T14:26:11","guid":{"rendered":"http:\/\/www.ivg.it\/?p=410338"},"modified":"2017-05-18T16:26:11","modified_gmt":"2017-05-18T14:26:11","slug":"savona-santi-via-verdi-accogliamo-sempre-segnalazioni-accusare-lamministrazione-falso-scorretto","status":"publish","type":"post","link":"https:\/\/staging.ivg.it\/2017\/05\/savona-santi-via-verdi-accogliamo-sempre-segnalazioni-accusare-lamministrazione-falso-scorretto\/","title":{"rendered":"Savona, Santi su via Verdi: &#8220;Accogliamo sempre segnalazioni, accusare l&#8217;amministrazione \u00e8 falso e scorretto&#8221;"},"content":{"rendered":"<p><strong>Savona.<\/strong> &#8220;In via Verdi il personale della societ\u00e0 incaricata ha effettuato lo sfalcio dell&#8217;erba non pi\u00f9 tardi di due settimane fa: con la stagione primaverile, tali interventi sono pi\u00f9 frequenti, circa uno ogni quindici giorni. Le uniche problematiche verificatesi negli ultimi giorni, invece, erano dovute all&#8217;abbandono di sacchetti di rifiuti indifferenziati all&#8217;interno dei cestini, anzich\u00e9 nei contenitori adeguati. Un gesto di incivilt\u00e0 che ha purtroppo creato e causato disagio, per il quale personale ATA \u00e8 intervenuto in tempi rapidi&#8221;. Lo fa sapere Pietro Santi, assessore all&#8217;Ambiente e ai Lavori Pubblici del Comune di Savona.<\/p>\n<p>&#8220;Accogliamo sempre con favore le segnalazioni da parte della cittadinanza e degli utenti relativamente a situazioni critiche o particolari problematiche &#8211; spiega Santi &#8211; e in questi mesi al governo della citt\u00e0, sin dal giorno dell&#8217;insediamento, la nostra attivit\u00e0 amministrativa \u00e8 stata caratterizzata dalla disponibilit\u00e0 all&#8217;ascolto e dalle risposte pressoch\u00e9 immediate su ogni fronte, senza distinzioni&#8221;.<\/p>\n<p>&#8220;Puntare il dito verso l&#8217;Amministrazione Comunale per questi episodi sarebbe scorretto, oltre che non corrispondente al vero &#8211; tuona l&#8217;assessore &#8211; Siamo a disposizione per affrontare e risolvere ogni criticit\u00e0, pur con le limitatissime risorse a disposizione e, come sempre, chiediamo la massima collaborazione da parte di tutti&#8221;.<\/p>\n","protected":false},"excerpt":{"rendered":"<p>&#8220;I problemi degli ultimi giorni erano dovuti all&#8217;abbandono di sacchetti di rifiuti nei cestini, un gesto di incivilt\u00e0&#8221;<\/p>\n","protected":false},"author":10593,"featured_media":0,"comment_status":"open","ping_status":"closed","sticky":false,"template":"","format":"standard","meta":{"footnotes":""},"categories":[31],"tags":[],"class_list":["post-410338","post","type-post","status-publish","format-standard","hentry","category-politica","post_cat_citta-savona","post_tag_personaggi-pietro-santi"],"amp_validity":null,"amp_enabled":true,"_links":{"self":[{"href":"https:\/\/staging.ivg.it\/ediapi\/wp\/v2\/posts\/410338","targetHints":{"allow":["GET"]}}],"collection":[{"href":"https:\/\/staging.ivg.it\/ediapi\/wp\/v2\/posts"}],"about":[{"href":"https:\/\/staging.ivg.it\/ediapi\/wp\/v2\/types\/post"}],"author":[{"embeddable":true,"href":"https:\/\/staging.ivg.it\/ediapi\/wp\/v2\/users\/10593"}],"replies":[{"embeddable":true,"href":"https:\/\/staging.ivg.it\/ediapi\/wp\/v2\/comments?post=410338"}],"version-history":[{"count":0,"href":"https:\/\/staging.ivg.it\/ediapi\/wp\/v2\/posts\/410338\/revisions"}],"wp:attachment":[{"href":"https:\/\/staging.ivg.it\/ediapi\/wp\/v2\/media?parent=410338"}],"wp:term":[{"taxonomy":"category","embeddable":true,"href":"https:\/\/staging.ivg.it\/ediapi\/wp\/v2\/categories?post=410338"},{"taxonomy":"post_tag","embeddable":true,"href":"https:\/\/staging.ivg.it\/ediapi\/wp\/v2\/tags?post=410338"}],"curies":[{"name":"wp","href":"https:\/\/api.w.org\/{rel}","templated":true}]}}