{"id":410326,"date":"2017-05-18T13:53:36","date_gmt":"2017-05-18T11:53:36","guid":{"rendered":"http:\/\/www.ivg.it\/?p=410326"},"modified":"2017-05-18T13:57:08","modified_gmt":"2017-05-18T11:57:08","slug":"albenga-striscione-casa-pound-lassociazione-fischia-vento-apologia-del-fascismo","status":"publish","type":"post","link":"https:\/\/staging.ivg.it\/2017\/05\/albenga-striscione-casa-pound-lassociazione-fischia-vento-apologia-del-fascismo\/","title":{"rendered":"Albenga, striscione di Casa Pound. L&#8217;associazione &#8220;Fischia il Vento&#8221;: &#8220;E&#8217; apologia del fascismo&#8221;"},"content":{"rendered":"<p><strong>Albenga<\/strong>. Dura reazione da parte dell&#8217;associazione &#8220;Fischia il Vento&#8221; sullo striscione di Casa Pound appeso dai militanti sulla facciata della caserma Piave di Albenga per protestare per protestare contro l\u2019ipotesi, pi\u00f9 volte circolata in citt\u00e0 negli ultimi mesi ma f<a href=\"http:\/\/www.ivg.it\/2017\/01\/un-cie-ad-albenga-no-secco-del-sindaco-cangiano-soluzione-impossibile\/\" target=\"_blank\">inora sempre smentita dal Comune<\/a>, che la struttura possa ospitare profughi nel prossimo futuro.<\/p>\n<p>&#8220;La Piave mormor\u00f2: non voglio alcun straniero&#8221;, lo striscione: &#8220;I nazifascisti di Casa Pound cercano di insinuarsi con la consueta vigliaccheria e inganno nella societ\u00e0 ingauna. Sono fuori dalla legge, l&#8217;apologia del fascismo \u00e8 ancora reato in questo Paese, e questi figuri si dichiarano fascisti e nazisti! Sono fuori dalla storia e dal buon senso perch\u00e9 la questione migranti non si risolve a chiacchiere, sono fuori dal senso morale: loro sono gli eredi del boia di Albenga, noi e i nostri concittadini siamo orgogliosamente eredi dei tanti Partigiani che diedero la vita affinch\u00e9 tornasse in Italia libert\u00e0 e giustizia&#8221;. <\/p>\n<p>&#8220;Fischia il vento continuer\u00e0 con sempre maggiore impegno la propria attivit\u00e0 per difendere ed affermare compiutamente questi valori, anche sollevando nelle sedi competenti la legittimit\u00e0 stessa di una organizzazione come Casa Pound che per sua stessa definizione fonda la sua esistenza su fatti criminali&#8221;.<\/p>\n","protected":false},"excerpt":{"rendered":"<p>Dopo lo striscione appeso alla caserma Piave dure parole dell&#8217;associazione ingauna nei confronti del gesto politico<\/p>\n","protected":false},"author":4,"featured_media":0,"comment_status":"open","ping_status":"closed","sticky":false,"template":"","format":"standard","meta":{"footnotes":""},"categories":[45296,34],"tags":[94226,31945,8760,31028],"class_list":["post-410326","post","type-post","status-publish","format-standard","hentry","category-copertina","category-cronaca","tag-casa-pound-liguria","tag-emergenza-profughi","tag-fischia-il-vento","tag-profughi","post_cat_citta-albenga"],"amp_validity":null,"amp_enabled":true,"_links":{"self":[{"href":"https:\/\/staging.ivg.it\/ediapi\/wp\/v2\/posts\/410326","targetHints":{"allow":["GET"]}}],"collection":[{"href":"https:\/\/staging.ivg.it\/ediapi\/wp\/v2\/posts"}],"about":[{"href":"https:\/\/staging.ivg.it\/ediapi\/wp\/v2\/types\/post"}],"author":[{"embeddable":true,"href":"https:\/\/staging.ivg.it\/ediapi\/wp\/v2\/users\/4"}],"replies":[{"embeddable":true,"href":"https:\/\/staging.ivg.it\/ediapi\/wp\/v2\/comments?post=410326"}],"version-history":[{"count":0,"href":"https:\/\/staging.ivg.it\/ediapi\/wp\/v2\/posts\/410326\/revisions"}],"wp:attachment":[{"href":"https:\/\/staging.ivg.it\/ediapi\/wp\/v2\/media?parent=410326"}],"wp:term":[{"taxonomy":"category","embeddable":true,"href":"https:\/\/staging.ivg.it\/ediapi\/wp\/v2\/categories?post=410326"},{"taxonomy":"post_tag","embeddable":true,"href":"https:\/\/staging.ivg.it\/ediapi\/wp\/v2\/tags?post=410326"}],"curies":[{"name":"wp","href":"https:\/\/api.w.org\/{rel}","templated":true}]}}