{"id":410220,"date":"2017-05-17T09:38:05","date_gmt":"2017-05-17T07:38:05","guid":{"rendered":"http:\/\/www.ivg.it\/?p=410220"},"modified":"2017-05-17T09:43:52","modified_gmt":"2017-05-17T07:43:52","slug":"albenga-blitz-casa-pound-dire-no-allospitalita-profughi-nella-caserma-piave","status":"publish","type":"post","link":"https:\/\/staging.ivg.it\/2017\/05\/albenga-blitz-casa-pound-dire-no-allospitalita-profughi-nella-caserma-piave\/","title":{"rendered":"Albenga, \u201cblitz\u201d di Casa Pound per dire no all\u2019ospitalit\u00e0 di profughi nella caserma Piave"},"content":{"rendered":"<p><strong>Albenga<\/strong>. &#8220;La Piave mormor\u00f2: non voglio alcun straniero&#8221;. Cos\u00ec recita lo striscione che, con un blitz notturno, \u00e8 stato appeso dai militanti savonesi di Casa Pound Liguria sulla facciata della caserma Piave di Albenga per protestare per protestare contro l\u2019ipotesi, pi\u00f9 volte circolata in citt\u00e0 negli ultimi mesi ma f<a href=\"http:\/\/www.ivg.it\/2017\/01\/un-cie-ad-albenga-no-secco-del-sindaco-cangiano-soluzione-impossibile\/\" target=\"_blank\">inora sempre smentita dal Comune<\/a>, che la struttura possa ospitare profughi nel prossimo futuro<\/p>\n<p>&#8220;Da alcuni mesi, in diverse occasioni &#8211; dichiara CasaPound in una nota &#8211; i cittadini si sono accorti come all&#8217;interno dell&#8217;edificio, costruito nel 1932, impiegato dal Regio Esercito prima e dall&#8217;Esercito Italiano poi e negli ultimi anni lasciato in completo abbandono, fossero iniziati lavori di manutenzione nelle strutture e nelle aree esterne. Il timore della cittadinanza di Albenga e in particolare del quartiere dove sorge la Piave \u00e8 che questi lavori preludano all&#8217;arrivo di un certo numero di immigrati extracomunitari. E ben sappiamo che questo timore \u00e8 molto fondato, viste le correnti &#8216;logiche dell&#8217;accoglienza&#8217;, ossia la forzata imposizione da parte delle prefetture di numeri sempre crescenti di &#8216;profughi&#8217;, i quali, ricordiamo, sono in realt\u00e0 in massima parte immigrati clandestini per motivi meramente economici, non fuggendo da alcuna guerra e spesso provenienti da aree dell&#8217;Africa, Asia e anche Balcani certamente non floride ma neanche in emergenza umanitaria&#8221;.<\/p>\n<p>&#8220;Casa Pound Liguria &#8211; prosegue la nota &#8211; si pone le stesse domande dei cittadini di Albenga: perch\u00e9 questa Caserma, bene gestito dalla Cassa Depositi e Prestiti, non \u00e8 stata prima restaurata, riconvertita e restituita alla cittadinanza, agli italiani? Perch\u00e9 lo stato si \u00e8 attivato \u2013 e con grande celerit\u00e0 e dispendio di fondi pubblici \u2013 solo per degli stranieri? Perch\u00e9, come al solito, gli eventuali disagi saranno patiti dai cittadini comuni, mentre anche questo sar\u00e0 probabilmente l&#8217;ennesimo capitolo di un &#8216;business dell&#8217;accoglienza&#8217;, che prevede un guadagno delle solite ONLUS, ONG e associazioni pseudoumanitarie? Perch\u00e9 dovremmo assistere all&#8217;ennesimo degrado di una struttura pubblica, di un quartiere, di una citt\u00e0, in cambio delle solite vuote parole retoriche sulla &#8216;solidariet\u00e0&#8217; (ma solo verso gli stranieri, mai a favore degli italiani) e magari le solite trite e logore immagini di &#8216;migranti che puliscono il verde pubblico&#8217; per una mezza mattinata, per mascherare lo sperpero di risorse e denaro degli italiani? Perch\u00e9 a pagare per queste decisioni calate dall&#8217;alto, senza confronto &#8216;democratico&#8217; \u2013 parola tanto cara ai paladini della costituzione, saranno sempre i soliti?&#8221;.<\/p>\n<p>&#8220;Siccome sappiamo gi\u00e0 che le risposte a queste domande mai arriveranno &#8211; conclude la nota &#8211; CasaPound Liguria vigiler\u00e0 assieme alla gente comune, ai lavoratori, agli studenti, agli anziani e ai giovani di Albenga perch\u00e9 le istituzioni locali, provinciali e nazionali non compiano fino in fondo l&#8217;ennesimo tradimento verso i cittadini italiani che dovrebbero invece tutelare&#8221;.<\/p>\n","protected":false},"excerpt":{"rendered":"<p>Alcuni militanti hanno appeso uno striscione di protesta: &#8220;La Piave mormor\u00f2: non voglio alcun straniero&#8221;<\/p>\n","protected":false},"author":2394,"featured_media":0,"comment_status":"open","ping_status":"closed","sticky":false,"template":"","format":"standard","meta":{"footnotes":""},"categories":[45296,34],"tags":[94226,31945,31028],"class_list":["post-410220","post","type-post","status-publish","format-standard","hentry","category-copertina","category-cronaca","tag-casa-pound-liguria","tag-emergenza-profughi","tag-profughi","post_cat_citta-albenga"],"amp_validity":null,"amp_enabled":true,"_links":{"self":[{"href":"https:\/\/staging.ivg.it\/ediapi\/wp\/v2\/posts\/410220","targetHints":{"allow":["GET"]}}],"collection":[{"href":"https:\/\/staging.ivg.it\/ediapi\/wp\/v2\/posts"}],"about":[{"href":"https:\/\/staging.ivg.it\/ediapi\/wp\/v2\/types\/post"}],"author":[{"embeddable":true,"href":"https:\/\/staging.ivg.it\/ediapi\/wp\/v2\/users\/2394"}],"replies":[{"embeddable":true,"href":"https:\/\/staging.ivg.it\/ediapi\/wp\/v2\/comments?post=410220"}],"version-history":[{"count":0,"href":"https:\/\/staging.ivg.it\/ediapi\/wp\/v2\/posts\/410220\/revisions"}],"wp:attachment":[{"href":"https:\/\/staging.ivg.it\/ediapi\/wp\/v2\/media?parent=410220"}],"wp:term":[{"taxonomy":"category","embeddable":true,"href":"https:\/\/staging.ivg.it\/ediapi\/wp\/v2\/categories?post=410220"},{"taxonomy":"post_tag","embeddable":true,"href":"https:\/\/staging.ivg.it\/ediapi\/wp\/v2\/tags?post=410220"}],"curies":[{"name":"wp","href":"https:\/\/api.w.org\/{rel}","templated":true}]}}