{"id":410177,"date":"2017-05-16T16:55:54","date_gmt":"2017-05-16T14:55:54","guid":{"rendered":"http:\/\/www.ivg.it\/?p=410177"},"modified":"2017-05-16T16:55:54","modified_gmt":"2017-05-16T14:55:54","slug":"al-nuovofilmstudio-savona-la-vendetta-un-uomo-tranquillo-tarde-para-la-ira","status":"publish","type":"post","link":"https:\/\/staging.ivg.it\/2017\/05\/al-nuovofilmstudio-savona-la-vendetta-un-uomo-tranquillo-tarde-para-la-ira\/","title":{"rendered":"Al NuovoFilmStudio di Savona:  La vendetta di un uomo tranquillo (Tarde para la ira)"},"content":{"rendered":"<p>Marted\u00ec 16 maggio alle 20.30 e mercoled\u00ec 17 maggio alle 21.15 al NuovoFilmstudio di Savona sar\u00e0 proiettato il film &#8220;La vendetta di un uomo tranquillo (Tarde para la ira)&#8221;\u00a0di Ra\u00fal Ar\u00e9valo, con Antonio de la Torre, Luis Callejo, Ruth D\u00edaz, Manolo Solo (Spagna 2016, 92&#8242;)<\/p>\n<p>Premi Goya 2017 per miglior film, miglior regista esordiente, miglior sceneggiatura originale, miglior attore non protagonista (Manolo Solo).<br \/>\nMadrid. Jos\u00e9, un uomo chiuso e solitario, una mattina di inverno si reca nel bar gestito da Ana e ben presto le loro vite si intrecciano. Ma Curro, il fidanzato di Ana, arrestato otto anni prima per una rapina, viene rilasciato e nutre la speranza di iniziare una nuova vita con lei. Tornando a casa, Curro si trover\u00e0 a dover affrontare Jos\u00e9 che, distruggendo le sue aspettative, stravolger\u00e0 i suoi piani&#8230;<\/p>\n<p>&#8220;La vendetta di un uomo tranquillo&#8221; segna l&#8217;esordio alla regia del 36enne Ra\u00fal Ar\u00e9valo, attore molto noto in Spagna, che in Italia abbiamo visto in &#8220;Ballata dell&#8217;odio e dell&#8217;amore&#8221; e ne &#8220;Gli amanti passeggeri&#8221;, ma soprattutto in quel &#8220;La isla minima&#8221;, di cui era coprotagonista, predecessore evidente del suo debutto dietro la cinepresa: stesso rigore, stessa tensione noir, stesso sguardo rivolto al cinema americano ma anche stesso radicamento nel territorio e nella cultura spagnoli. Nel film \u00e8 la regia a fare da padrone, impossessandosi di ogni scena senza mai abbandonare il realismo di fondo. Quella di Ar\u00e9valo \u00e8 una regia intima, sensuale, sempre pertinente all&#8217;evoluzione della storia e dei personaggi. Un lavoro che spia attraverso stipiti e spiragli, o &#8220;spara&#8221; in primissimo piano i volti degli interpreti, modulando la propria scelta stilistica a seconda delle necessit\u00e0 di ciascuna scena. La sceneggiatura, cofirmata da Ar\u00e9valo, \u00e8 ben strutturata, presenta i personaggi come pezzi di un puzzle che \u00e8 lo spettatore a dover ricomporre e invita a cercare i pezzi mancanti, distinguendo quelli giusti da quelli sbagliati. &#8220;La vendetta di un uomo tranquillo&#8221; \u00e8 un thriller credibile, teso come una corda di violino, che non rinuncia alla sua identit\u00e0 etnica e a un&#8217;estetica autoriale, pur rispettando alla lettera i canoni del genere.<\/p>\n","protected":false},"excerpt":{"rendered":"<p>Marted\u00ec 16 maggio alle 20.30 e mercoled\u00ec 17 maggio alle 21.15<\/p>\n","protected":false},"author":17661,"featured_media":0,"comment_status":"open","ping_status":"closed","sticky":false,"template":"","format":"standard","meta":{"footnotes":""},"categories":[89329,88559],"tags":[64307,86144],"class_list":["post-410177","post","type-post","status-publish","format-standard","hentry","category-arci-savona","category-rubriche","tag-arci-savona","tag-nuovofilmstudio","post_cat_citta-savona"],"amp_validity":null,"amp_enabled":true,"_links":{"self":[{"href":"https:\/\/staging.ivg.it\/ediapi\/wp\/v2\/posts\/410177","targetHints":{"allow":["GET"]}}],"collection":[{"href":"https:\/\/staging.ivg.it\/ediapi\/wp\/v2\/posts"}],"about":[{"href":"https:\/\/staging.ivg.it\/ediapi\/wp\/v2\/types\/post"}],"author":[{"embeddable":true,"href":"https:\/\/staging.ivg.it\/ediapi\/wp\/v2\/users\/17661"}],"replies":[{"embeddable":true,"href":"https:\/\/staging.ivg.it\/ediapi\/wp\/v2\/comments?post=410177"}],"version-history":[{"count":0,"href":"https:\/\/staging.ivg.it\/ediapi\/wp\/v2\/posts\/410177\/revisions"}],"wp:attachment":[{"href":"https:\/\/staging.ivg.it\/ediapi\/wp\/v2\/media?parent=410177"}],"wp:term":[{"taxonomy":"category","embeddable":true,"href":"https:\/\/staging.ivg.it\/ediapi\/wp\/v2\/categories?post=410177"},{"taxonomy":"post_tag","embeddable":true,"href":"https:\/\/staging.ivg.it\/ediapi\/wp\/v2\/tags?post=410177"}],"curies":[{"name":"wp","href":"https:\/\/api.w.org\/{rel}","templated":true}]}}