{"id":410148,"date":"2017-05-16T12:55:35","date_gmt":"2017-05-16T10:55:35","guid":{"rendered":"http:\/\/www.ivg.it\/?p=410148"},"modified":"2017-05-16T12:55:35","modified_gmt":"2017-05-16T10:55:35","slug":"la-nazionale-alessandro-boraschi-incetta-pass-mondiali","status":"publish","type":"post","link":"https:\/\/staging.ivg.it\/2017\/05\/la-nazionale-alessandro-boraschi-incetta-pass-mondiali\/","title":{"rendered":"La nazionale di Alessandro Boraschi fa incetta di pass mondiali"},"content":{"rendered":"<p><strong>Savona<\/strong>. <strong>Successo strepitoso per la nazionale paralimpica dei pesi<\/strong>, guidata dal <strong>direttore tecnico Alessandro Boraschi, della societ\u00e0 Asd Palextra di Savona<\/strong>, che alla Coppa del Mondo di Eger fa incetta di pass per i Mondiali di settembre a Citt\u00e0 del Messico: ben sei gli atleti qualificati.<\/p>\n<p><span id=\"more-29117\"><\/span>Dopo quella centrata da Martina Barbierato, Matteo Cattini e Ludovico Forte nel corso dell\u2019ultima World Cup di Dubai, strappano la qualificazione anche Donato Telesca, Paolo Agosti e Alessio Manca. Prova da incorniciare per il capitano della spedizione azzurra, Matteo Cattini, che si aggiudica la medaglia d\u2019argento nella categoria 72 kg con 150 kg, dietro all\u2019inglese Nathaniel Wilding, e conquista anche <strong>il nuovo record italiano di categoria<\/strong>, da lui stesso firmato solo due mesi fa a 145 kg.<\/p>\n<p>Eccezionale prestazione per <strong>Donato Telesca<\/strong>, impegnato nella categoria 72 kg, che tira s\u00f9 137 kg in seconda prova e non solo conquista la qualificazione per i Mondiali, ma vince anche l\u2019oro Juniores! Bene anche <strong>Paolo Agosti<\/strong>, impegnato nella categoria 59 kg, che riesce a sollevare in seconda prova 116 kg, uno in pi\u00f9 di quelli necessari per prendere parte al Mondiale. Strappa il pass anche <strong>Alessio Manca<\/strong>, che raggiunge quota 132 kg in seconda prova, esattamente quelli richiesti dall\u2019IPC. Nella categoria 65 kg bene anche Ludovico Forte, che con 131 kg conferma la prestazione di Dubai, quota che gli aveva gi\u00e0 garantito il passaggio a Citt\u00e0 del Messico.<\/p>\n<p><strong>Buona la prestazione anche per Giuseppe Colantuoni<\/strong>, esordiente in maglia azzurra, che non conquista i numeri necessari per l\u2019ambita competizione internazionale ma raggiunge comunque i 116 kg in seconda prova. Particolarmente soddisfatta la direzione tecnica: \u201cla precedente edizione del Campionato del Mondo si svolse a Dubai nel 2014, ci presentammo con una atleta qualificata e una wild card; <strong>in soli 3 anni il movimento italiano \u00e8 cresciuto numericamente ma, soprattutto, qualitativamente<\/strong>. Stiamo raccogliendo il frutto di un lungo periodo di lavoro e puntiamo decisamente e con fiducia al World Championship di Citt\u00e0 Del Messico ad ottobre. Ricordiamo che questo importante appuntamento rappresenta anche l\u2019apertura del ranking ufficiale per le qualificazioni a Tokyo 2020. Questo dopo la presenza di RIO 2016 \u00e8 un grande successo, di anni di duro lavoro ripagata dalla professionalit\u00e0 dal nostro direttore tecnico e dall\u2019impegno degli atleti, che si mettono sempre alla prova, i successi ottenuti ad ogni competizione internazionale ci porta dire che la qualit\u00e0 dei tecnici federali FIPE sale sempre pi\u00f9 di livello nella propria professionalit\u00e0, mettendosi in gioco per ambire a dei nuovi obiettivi e risultati\u201d.<\/p>\n","protected":false},"excerpt":{"rendered":"<p>Il direttore tecnico della nazionale paralimpica di pesi guida il team azzurro, che strappa miglioramenti preziosi e posti per i prossimi mondiali<\/p>\n","protected":false},"author":12631,"featured_media":0,"comment_status":"open","ping_status":"closed","sticky":false,"template":"","format":"standard","meta":{"footnotes":""},"categories":[45296,42377,32],"tags":[3815,7550,18877],"class_list":["post-410148","post","type-post","status-publish","format-standard","hentry","category-copertina","category-altri-sport","category-sport","tag-palextra","tag-pesi","tag-sport-paralimpico","post_tag_personaggi-alessandro-boraschi"],"amp_validity":null,"amp_enabled":true,"_links":{"self":[{"href":"https:\/\/staging.ivg.it\/ediapi\/wp\/v2\/posts\/410148","targetHints":{"allow":["GET"]}}],"collection":[{"href":"https:\/\/staging.ivg.it\/ediapi\/wp\/v2\/posts"}],"about":[{"href":"https:\/\/staging.ivg.it\/ediapi\/wp\/v2\/types\/post"}],"author":[{"embeddable":true,"href":"https:\/\/staging.ivg.it\/ediapi\/wp\/v2\/users\/12631"}],"replies":[{"embeddable":true,"href":"https:\/\/staging.ivg.it\/ediapi\/wp\/v2\/comments?post=410148"}],"version-history":[{"count":0,"href":"https:\/\/staging.ivg.it\/ediapi\/wp\/v2\/posts\/410148\/revisions"}],"wp:attachment":[{"href":"https:\/\/staging.ivg.it\/ediapi\/wp\/v2\/media?parent=410148"}],"wp:term":[{"taxonomy":"category","embeddable":true,"href":"https:\/\/staging.ivg.it\/ediapi\/wp\/v2\/categories?post=410148"},{"taxonomy":"post_tag","embeddable":true,"href":"https:\/\/staging.ivg.it\/ediapi\/wp\/v2\/tags?post=410148"}],"curies":[{"name":"wp","href":"https:\/\/api.w.org\/{rel}","templated":true}]}}