{"id":410137,"date":"2017-05-18T11:30:00","date_gmt":"2017-05-18T09:30:00","guid":{"rendered":"http:\/\/www.ivg.it\/?p=410137"},"modified":"2017-05-16T17:24:40","modified_gmt":"2017-05-16T15:24:40","slug":"venerdi-19-maggio-marta-delfino-mostra-concerto-al-circolo-chapeau-savona","status":"publish","type":"post","link":"https:\/\/staging.ivg.it\/2017\/05\/venerdi-19-maggio-marta-delfino-mostra-concerto-al-circolo-chapeau-savona\/","title":{"rendered":"Venerd\u00ec 19 maggio Marta Delfino: mostra e concerto al circolo Chapeau di Savona"},"content":{"rendered":"<p>Appuntamento con Marta Delfino la &#8220;cantautrice che disegna la musica&#8221;: i suoi live \u201cMarte\u201d son un mix tra musica e arte, durante l&#8217;esibizione Marta disegna e dipinge. A partire dalle 20,00, sar\u00e0 possibile cenare e visitare la mostra d&#8217;arte allestita dall&#8217;artista. A seguire alle 22.00 si terr\u00e0 il concerto: Marta sar\u00e0 accompagnata da Marco Cravero alla chitarra e Alessandro Graziano al violino e chitarra.<br \/>\nOspite d&#8217;eccezione per questo concerto sar\u00e0 Matteo Pulin Profetto &#8211; Irish &amp; Celtic Harmonica con la sua armonica a bocca.<\/p>\n<p>Ecco il men\u00f9 della cena degustazione..<br \/>\nChef Stantero propone:<\/p>\n<p>&#8211; Clafoutis di zucchine in salsa Monrey.<br \/>\n&#8211; Tempura di gamberi con croccante di verdure.<br \/>\n&#8211; Primo: Vellutata di carote con dressing allo zenzero e crostini.<br \/>\n&#8211; Secondo: cartoccio di branzino in crosta.<br \/>\n&#8211; Dolce: Cestino di sabl\u00e9 ai frutti rossi.<br \/>\n&#8211; Acqua e caff\u00e8<\/p>\n<p>Cena + Spettacolo \u20ac 25<\/p>\n<p>La Carta dei vini bottiglia\/ calice<br \/>\nCantina Torresella:<br \/>\nCabernet (Veneto) igt 2015<br \/>\nRefosco (Veneto) igt 2015<br \/>\nPinot Grigio (Veneto) igt 2016<br \/>\nSauvignon (Veneto) igt 2016<br \/>\n&#8212;&#8212;&#8212;&#8212;&#8212;&#8212;&#8212;&#8212;&#8212;&#8212;&#8212;&#8212;&#8212;&#8212;&#8212;&#8212;&#8212;&#8212;&#8212;&#8212;&#8212;&#8212;&#8212;&#8212;&#8212;&#8211;<br \/>\nChi desidera assistere solo al concerto ingresso ore 22:00 contributo di \u20ac 10,00; ingresso riservato ai soci Arci.<br \/>\n&#8212;&#8212;&#8212;&#8212;&#8212;&#8212;&#8212;&#8212;&#8212;&#8212;&#8212;&#8212;&#8212;&#8212;&#8212;&#8212;&#8212;&#8212;&#8212;&#8212;&#8212;&#8212;&#8212;&#8212;&#8212;&#8211;<br \/>\nInfo e prenotazioni 393 3225053<\/p>\n<p>M a r t a D e l f i n o \u201cla cantautrice che disegna la musica\u201d<\/p>\n<p>Studiosa e appassionata di arte e musica, vive a Savona con i suoi inseparabili lupi, amici e compagni di tutto. Ha studiato grafica e comunicazione all&#8217;ISIA di Urbino, per poi entrare nel mondo del lavoro proprio in questo settore, occupandosi di &#8220;risolvere&#8221; problemi di comunicazione, principalmente per la pubblica utilit\u00e0 e istituzioni. La musica \u00e8 sempre stata presente, tanto da essere l&#8217;unica protagonista del suo progetto di tesi di laurea \u201cInColore\u201d: un<br \/>\nviaggio all&#8217;interno del colore, con uno studio teorico sulla rappresentazione dei colori in musica, un alfabeto sonoro per non vedenti e non solo, con la musica del maestro Riccardo Zegna a<br \/>\nrappresentare i colori: nessun elemento visivo, solo colori sonori.<br \/>\nDal 2007 collabora con il cantautore ligure Massimo Schiavon, \u00e8 parte dei live in qualit\u00e0 di corista e voci sole, dividendo il palco tra gli altri con musicisti di raro pregio tra cui Armando Corsi e Marco Fadda. \u00c8 presente con i suoi interventi vocali all&#8217;interno del disco di Schiavon \u201cPiccolo Blu\u201d (Egea) del 2012 grazie al quale ha avuto l&#8217;onore di incontrare la magia del maestro Enzo Jannacci. Con Massimo Schiavon dal 2012 si fa portavoce di alcuni progetti solidali a favore del Gaslini, ospedale pediatrico di Genova.<br \/>\nDal 2014 le prime esperienze live da cantautrice, accompagnata dal maestro chitarrista Marco Cravero (chitarrista tra gli altri di Francesco De Gregori), dal violinista Alessandro Graziano e<br \/>\ndal polistrumentista Fabio Tessiore. Partecipa alle selezioni del Festival di Sanremo Nuove Proposte 2015 e, pur non arrivando sul palco dell&#8217;Ariston, viene selezionata insieme ad altri 5 ragazzi per cantare la sigla\/spot del Festival &#8220;Grazie dei Fior&#8221; con Carlo Conti, Arisa ed Emma.<br \/>\nIl 20 luglio 2015 vince la 1\u00b0 edizione del PREMIO MARIO PANSERI, CITT\u00c0 DI CAIRO MONTENOTTE, PER IL MIGLIOR GIOVANE CANTAUTORE ITALIANO. Viene premiata da EUGENIO FINARDI e ha l&#8217;onore di aprire il concerto del cantautore.<br \/>\nNel 2016 viene scelta da FIDAPA, Federazione che promuove e sostiene le donne che operano nel campo delle Arti e non solo, a rappresentare il talento delle donne.<br \/>\nSempre nel 2016 arriva in semifinale al Festival di Castrocaro e in finale a due prestigiosi premi di musica d&#8217;autore italiani quali \u201cL&#8217;Artista che non c&#8217;era\u201d XIII ed. e il premio \u201cBianca d&#8217;Aponte\u201d XII ed.<br \/>\nI live \u201cMarte\u201d sono un mix tra musica e arte: durante le esibizioni Marta Delfino disegna e dipinge. Oltre ai progetti puramente musicali, Marta Delfino si occupa di arte, di grafica e<br \/>\ndi design.<\/p>\n","protected":false},"excerpt":{"rendered":"<p>Appuntamento con Marta Delfino la &#8220;cantautrice che disegna la musica&#8221;: i suoi live \u201cMarte\u201d son un mix tra musica e arte, durante l&#8217;esibizione Marta disegna e dipinge. A partire dalle 20,00, sar\u00e0 possibile cenare e visitare la mostra d&#8217;arte allestita dall&#8217;artista. A seguire alle 22.00 si terr\u00e0 il concerto: Marta sar\u00e0 accompagnata da Marco Cravero [&hellip;]<\/p>\n","protected":false},"author":17355,"featured_media":0,"comment_status":"open","ping_status":"closed","sticky":false,"template":"","format":"standard","meta":{"footnotes":""},"categories":[45296,89329,88559],"tags":[64307,58247],"class_list":["post-410137","post","type-post","status-publish","format-standard","hentry","category-copertina","category-arci-savona","category-rubriche","tag-arci-savona","tag-circolo-chapeau","post_cat_citta-savona"],"amp_validity":null,"amp_enabled":true,"_links":{"self":[{"href":"https:\/\/staging.ivg.it\/ediapi\/wp\/v2\/posts\/410137","targetHints":{"allow":["GET"]}}],"collection":[{"href":"https:\/\/staging.ivg.it\/ediapi\/wp\/v2\/posts"}],"about":[{"href":"https:\/\/staging.ivg.it\/ediapi\/wp\/v2\/types\/post"}],"author":[{"embeddable":true,"href":"https:\/\/staging.ivg.it\/ediapi\/wp\/v2\/users\/17355"}],"replies":[{"embeddable":true,"href":"https:\/\/staging.ivg.it\/ediapi\/wp\/v2\/comments?post=410137"}],"version-history":[{"count":0,"href":"https:\/\/staging.ivg.it\/ediapi\/wp\/v2\/posts\/410137\/revisions"}],"wp:attachment":[{"href":"https:\/\/staging.ivg.it\/ediapi\/wp\/v2\/media?parent=410137"}],"wp:term":[{"taxonomy":"category","embeddable":true,"href":"https:\/\/staging.ivg.it\/ediapi\/wp\/v2\/categories?post=410137"},{"taxonomy":"post_tag","embeddable":true,"href":"https:\/\/staging.ivg.it\/ediapi\/wp\/v2\/tags?post=410137"}],"curies":[{"name":"wp","href":"https:\/\/api.w.org\/{rel}","templated":true}]}}