{"id":410089,"date":"2017-05-15T16:20:52","date_gmt":"2017-05-15T14:20:52","guid":{"rendered":"http:\/\/www.ivg.it\/?p=410089"},"modified":"2017-05-15T16:20:52","modified_gmt":"2017-05-15T14:20:52","slug":"arriva-lestate-torna-molo-family-village-al-parco-commerciale-molo-8-44-vado-ligure","status":"publish","type":"post","link":"https:\/\/staging.ivg.it\/2017\/05\/arriva-lestate-torna-molo-family-village-al-parco-commerciale-molo-8-44-vado-ligure\/","title":{"rendered":"Arriva l&#8217;estate, torna il &#8220;Molo Family Village&#8221; al parco commerciale Molo 8.44 di Vado Ligure"},"content":{"rendered":"<p><strong>Vado Ligure<\/strong>. L&#8217;estate si avvicina e con essa le attese vacanze estive dei pi\u00f9 piccoli. Se da un lato questa \u201cpausa\u201d didattica rappresenta una gioia per i bambini, dall&#8217;altro si tratta di un momento da non prendere alla leggera dal punto di vista dell&#8217;organizzazione familiare. Esistono molte soluzioni e una di queste \u00e8 un felice connubio tra esperienza ludica e opportunit\u00e0 didattica: \u00e8 il Molo Family Village 2017 per i bambini dai 3 ai 12 anni.<\/p>\n<p>Gioved\u00ec 18 maggio alle 18 presso la sala punto di incontro Coop interna al Parco Commerciale Molo 8.44, si terr\u00e0 la presentazione dell&#8217;edizione 2017 del Molo Family Village, che aprir\u00e0 i battenti luned\u00ec 12 giugno e sar\u00e0 aperto fino a mercoled\u00ec 13 settembre. Questo incontro sar\u00e0 un&#8217;occasione utile per conoscere tempi e modalit\u00e0 e avere tutte le informazioni e le anteprime sulle nuove attivit\u00e0 che lo staff Molo Family Village sta organizzando per i suoi piccoli ospiti.<\/p>\n<p>Infatti il filo conduttore quest&#8217;anno sar\u00e0 il &#8220;saper fare&#8221;. Ogni settimana i bambini si cimenteranno nei &#8220;laboratori dei mestieri&#8221; alla scoperta di un&#8217;attivit\u00e0 lavorativa diversa con esperti di ogni singolo settore. L&#8217;altra grande novit\u00e0 riguarda la presenza in struttura di\u00a0educatori in lingua inglese, sar\u00e0 cos\u00ec facile per le famiglie unire la possibilit\u00e0 di avere per i propri figli una struttura protetta e dedicata all&#8217;attivit\u00e0 ludico-didattica con l&#8217;opportunit\u00e0 di apprendere l&#8217;inglese o consolidarlo a due passi da casa. Tutte le settimane \u00e8 inoltre prevista un&#8217;immersione a tutto campo nella natura con le visite alla\u00a0fattoria didattica\u00a0Il Corbezzolo. Tra le attivit\u00e0 per i bimbi la piscina interna all&#8217;aperto e tutti i pomeriggi la ludoteca e l&#8217;aiuto compiti per non restare indietro durante le vacanze. Ampi gli orari, nella fascia 7.30-18.30 con diverse possibilit\u00e0 di entrata e di uscita a seconda delle esigenze della famiglia. \u00c8 possibile anche utilizzare la formula baby park a tariffa oraria.<\/p>\n<p>L&#8217;ingresso giornaliero ha un costo di 30 euro, mentre l&#8217;abbonamento settimanale costa 90 euro; l&#8217;abbonamento mensile costa 280 euro e quello per tutta la stagione 680 euro. E&#8217; previsto uno sconto del 15 per cento dal secondo figlio e uno sconto del 10 per cento con iscrizione entro il 26 maggio. I due sconti non sono cumulabili. Con una spesa di almeno 30 euro effettuata presso il Superstore Coop interno al Parco Commerciale Molo 8.44 (presentando Carta Sociocoop e scontrino fiscale) i primi 30 minuti della formula baby park sono gratuiti. Per informazioni e iscrizioni\u00a0\u00e8 possibile visitare il sito\u00a0www.molofamilyvillage.itoppure telefonare al numero\u00a0392 2451170.<\/p>\n","protected":false},"excerpt":{"rendered":"<p>Gioved\u00ec 18 maggio la presentazione in un incontro dedicato alle famiglie con tutte le informazioni e le novit\u00e0 <\/p>\n","protected":false},"author":12120,"featured_media":0,"comment_status":"open","ping_status":"closed","sticky":false,"template":"","format":"standard","meta":{"footnotes":""},"categories":[56],"tags":[74097,67489],"class_list":["post-410089","post","type-post","status-publish","format-standard","hentry","category-altre","tag-molo-family-village","tag-parco-commerciale-molo-8-44","post_cat_citta-vado-ligure"],"amp_validity":null,"amp_enabled":true,"_links":{"self":[{"href":"https:\/\/staging.ivg.it\/ediapi\/wp\/v2\/posts\/410089","targetHints":{"allow":["GET"]}}],"collection":[{"href":"https:\/\/staging.ivg.it\/ediapi\/wp\/v2\/posts"}],"about":[{"href":"https:\/\/staging.ivg.it\/ediapi\/wp\/v2\/types\/post"}],"author":[{"embeddable":true,"href":"https:\/\/staging.ivg.it\/ediapi\/wp\/v2\/users\/12120"}],"replies":[{"embeddable":true,"href":"https:\/\/staging.ivg.it\/ediapi\/wp\/v2\/comments?post=410089"}],"version-history":[{"count":0,"href":"https:\/\/staging.ivg.it\/ediapi\/wp\/v2\/posts\/410089\/revisions"}],"wp:attachment":[{"href":"https:\/\/staging.ivg.it\/ediapi\/wp\/v2\/media?parent=410089"}],"wp:term":[{"taxonomy":"category","embeddable":true,"href":"https:\/\/staging.ivg.it\/ediapi\/wp\/v2\/categories?post=410089"},{"taxonomy":"post_tag","embeddable":true,"href":"https:\/\/staging.ivg.it\/ediapi\/wp\/v2\/tags?post=410089"}],"curies":[{"name":"wp","href":"https:\/\/api.w.org\/{rel}","templated":true}]}}