{"id":409800,"date":"2017-05-11T09:45:41","date_gmt":"2017-05-11T07:45:41","guid":{"rendered":"http:\/\/www.ivg.it\/?p=409800"},"modified":"2017-05-11T09:45:41","modified_gmt":"2017-05-11T07:45:41","slug":"antas-day-ad-albenga-taglio-del-nastro-un-mezzo-le-guardie-giurate-zoofile","status":"publish","type":"post","link":"https:\/\/staging.ivg.it\/2017\/05\/antas-day-ad-albenga-taglio-del-nastro-un-mezzo-le-guardie-giurate-zoofile\/","title":{"rendered":"Anta&#8217;s Day ad Albenga: taglio del nastro di un nuovo mezzo per le guardie giurate zoofile"},"content":{"rendered":"<p><strong>Albenga<\/strong>. Dopo il rinvio dovuto al maltempo della scorsa settimana, si terr\u00e0 domenica 14 maggio la manifestazione &#8220;Anta&#8217;s Day&#8221; durante la quale, alla presenza di autorit\u00e0 civili, militari e religiose, sar\u00e0 inaugurato l&#8217;automezzo donato dall&#8217;Amministrazione Provinciale di Imperia che sar\u00e0 utilizzato per l&#8217;attivit\u00e0 delle Guardie Giurate Particolari Ambientali Zoofile volontarie di Anta per servizio svolto sul territorio della provincia di Savona e occasionalmente di Imperia e in ausilio alle Forze dell&#8217;Ordine e delle Prefetture.<\/p>\n<p>Madrina dell&#8217;evento sar\u00e0 l&#8217;assessore Simona Vespo. Nella giornata ci saranno tante attivit\u00e0 a partire dalla Passeggiata a 6 zampe per le vie della citt\u00e0, la consegna degli attestati di superamento del corso di formazione per Guardi Ecozoofile Volontarie, la consegna degli attestati di Benemerenza ai Nostri Volontari che si sono distinti nell&#8217;attivit\u00e0 assistenziali nella cittadina di Gualdo (MC) colpita dal Terremoto dei scorsi mesi. La consegna delle tessere ai volontari ANTA che da qualche mese si \u00e8 affiliata alla Federazione Italiana Ricetrasmissioni &#8211; Citizen&#8217;s Band con il compito di ausiliari di protezione civile per il Servizio Emergenza Radio.<\/p>\n<p>L&#8217;Anta&#8217;s day sar\u00e0 allietato da ristori &#8220;pasta in piedi&#8221;, &#8220;nutella party&#8221;, spazi musicali, trucca bimbi, clown, animazione.<\/p>\n","protected":false},"excerpt":{"rendered":"<p>Eventi, ristori, spazi musicali e animazione per i bimbi in citt\u00e0<\/p>\n","protected":false},"author":2394,"featured_media":0,"comment_status":"open","ping_status":"closed","sticky":false,"template":"","format":"standard","meta":{"footnotes":""},"categories":[56],"tags":[],"class_list":["post-409800","post","type-post","status-publish","format-standard","hentry","category-altre","post_cat_citta-albenga"],"amp_validity":null,"amp_enabled":true,"_links":{"self":[{"href":"https:\/\/staging.ivg.it\/ediapi\/wp\/v2\/posts\/409800","targetHints":{"allow":["GET"]}}],"collection":[{"href":"https:\/\/staging.ivg.it\/ediapi\/wp\/v2\/posts"}],"about":[{"href":"https:\/\/staging.ivg.it\/ediapi\/wp\/v2\/types\/post"}],"author":[{"embeddable":true,"href":"https:\/\/staging.ivg.it\/ediapi\/wp\/v2\/users\/2394"}],"replies":[{"embeddable":true,"href":"https:\/\/staging.ivg.it\/ediapi\/wp\/v2\/comments?post=409800"}],"version-history":[{"count":0,"href":"https:\/\/staging.ivg.it\/ediapi\/wp\/v2\/posts\/409800\/revisions"}],"wp:attachment":[{"href":"https:\/\/staging.ivg.it\/ediapi\/wp\/v2\/media?parent=409800"}],"wp:term":[{"taxonomy":"category","embeddable":true,"href":"https:\/\/staging.ivg.it\/ediapi\/wp\/v2\/categories?post=409800"},{"taxonomy":"post_tag","embeddable":true,"href":"https:\/\/staging.ivg.it\/ediapi\/wp\/v2\/tags?post=409800"}],"curies":[{"name":"wp","href":"https:\/\/api.w.org\/{rel}","templated":true}]}}