{"id":409795,"date":"2017-05-11T09:12:44","date_gmt":"2017-05-11T07:12:44","guid":{"rendered":"http:\/\/www.ivg.it\/?p=409795"},"modified":"2017-05-11T09:12:44","modified_gmt":"2017-05-11T07:12:44","slug":"giornata-della-lentezza-trekking-tutti-ceriale-organizza-passeggiata-castellermo","status":"publish","type":"post","link":"https:\/\/staging.ivg.it\/2017\/05\/giornata-della-lentezza-trekking-tutti-ceriale-organizza-passeggiata-castellermo\/","title":{"rendered":"&#8220;Giornata della lentezza&#8221;, &#8220;Trekking per tutti Ceriale&#8221; organizza una passeggiata a Castellermo"},"content":{"rendered":"<p><strong>Ceriale<\/strong>. In occasione della &#8220;Giornata della lentezza&#8221; di luned\u00ec 8 maggio, indetta per l&#8217;undicesimo anno dall&#8217;Associazione Nazionale &#8220;L&#8217;Arte di Vivere con Lentezza&#8221;, che comprende numerosi eventi improntati alla lentezza anche nei giorni successivi a quella data, il gruppo &#8220;Trekking per tutti&#8230; Ceriale&#8221; proporr\u00e0 una &#8220;Passeggiata Lenta&#8221; aperta a chiunque voglia parteciparvi per domenica 14 maggio.<\/p>\n<p>&#8220;La camminata di oltre due ore (solo andata) percorrer\u00e0 il sentiero trekking comodo e adatto a tutti (previa predisposizione al cammino a piedi) da Curenna, frazione di Vendone, fino al Castellermo, uno dei luoghi escursionistici pi\u00f9 suggestivi del ponente savonese grazie alla posizione dominante le valli sottostanti e le caratteristiche guglie rocciose (o torrioni) che lo rendono un sito dal fascino particolare e famoso in tutto l&#8217;ambiente escursionistico&#8221; spiegano gli organizzatori.<\/p>\n<p>&#8220;Il ritrovo per partecipare gratuitamente, senza alcuna tassa di iscrizione e ognuno sotto la propria responsabilit\u00e0, \u00e8 al Bar Europa di Ceriale (Via Europa, traversa della Via Aurelia di fronte al Raviolificio San Giorgio) dal quale alle ore 10.00 si partir\u00e0 in auto per Curenna (Vendone) da dove alle ore 10.30 inizier\u00e0 la camminata a piedi. Chi lo preferisce pu\u00f2 farsi trovare direttamente a Curenna per le ore 10.30 nella piazzetta con la chiesa e il parco giochi per bambini nei pressi del quale si pu\u00f2 parcheggiare&#8221; proseguono dal &#8220;Trekking per tutti Ceriale&#8221;.<\/p>\n<p>Si pranzer\u00e0 al sacco lungo il percorso poco prima dell&#8217;arrivo a Castellermo sul prato davanti alla suggestiva chiesetta di San Calocero inerpicata sulle alture e si ritorner\u00e0 verso la met\u00e0 del pomeriggio.<\/p>\n","protected":false},"excerpt":{"rendered":"<p>Appuntamento domenica 14 maggio alle 10 <\/p>\n","protected":false},"author":2394,"featured_media":0,"comment_status":"open","ping_status":"closed","sticky":false,"template":"","format":"standard","meta":{"footnotes":""},"categories":[56],"tags":[],"class_list":["post-409795","post","type-post","status-publish","format-standard","hentry","category-altre","post_cat_citta-ceriale"],"amp_validity":null,"amp_enabled":true,"_links":{"self":[{"href":"https:\/\/staging.ivg.it\/ediapi\/wp\/v2\/posts\/409795","targetHints":{"allow":["GET"]}}],"collection":[{"href":"https:\/\/staging.ivg.it\/ediapi\/wp\/v2\/posts"}],"about":[{"href":"https:\/\/staging.ivg.it\/ediapi\/wp\/v2\/types\/post"}],"author":[{"embeddable":true,"href":"https:\/\/staging.ivg.it\/ediapi\/wp\/v2\/users\/2394"}],"replies":[{"embeddable":true,"href":"https:\/\/staging.ivg.it\/ediapi\/wp\/v2\/comments?post=409795"}],"version-history":[{"count":0,"href":"https:\/\/staging.ivg.it\/ediapi\/wp\/v2\/posts\/409795\/revisions"}],"wp:attachment":[{"href":"https:\/\/staging.ivg.it\/ediapi\/wp\/v2\/media?parent=409795"}],"wp:term":[{"taxonomy":"category","embeddable":true,"href":"https:\/\/staging.ivg.it\/ediapi\/wp\/v2\/categories?post=409795"},{"taxonomy":"post_tag","embeddable":true,"href":"https:\/\/staging.ivg.it\/ediapi\/wp\/v2\/tags?post=409795"}],"curies":[{"name":"wp","href":"https:\/\/api.w.org\/{rel}","templated":true}]}}