{"id":409781,"date":"2017-05-10T18:21:44","date_gmt":"2017-05-10T16:21:44","guid":{"rendered":"http:\/\/www.ivg.it\/?p=409781"},"modified":"2017-05-10T18:32:06","modified_gmt":"2017-05-10T16:32:06","slug":"festival-verezzi-massimo-dapporto-apre-la-stagione-teatrale-10-spettacoli-cartellone","status":"publish","type":"post","link":"https:\/\/staging.ivg.it\/2017\/05\/festival-verezzi-massimo-dapporto-apre-la-stagione-teatrale-10-spettacoli-cartellone\/","title":{"rendered":"Festival Verezzi, Massimo Dapporto apre la stagione teatrale: 10 spettacoli in cartellone"},"content":{"rendered":"<p><strong>Borgio Verezzi.<\/strong> Trent&#8217;anni or sono Mario Monicelli, uomo di sinistra, firm\u00f2 un capolavoro della cinematografia italiana: &#8220;Un borghese piccolo piccolo&#8221;, interpretato da Alberto Sordi e Shelley Winters, trasposizione filmica del romanzo di Vincenzo Cerami. Fu un grande successo al botteghino, fu un grande momento di dibattito con la &#8220;nouvelle gauche&#8221; (memorabile uno scontro televisivo tra Monicelli e un giovanissimo Nanni Moretti, reduce dal trionfo di critica di &#8220;Ecce Bombo&#8221;, con quest&#8217;ultimo che accusava Monicelli di aver girato un film reazionario). <\/p>\n<p>Il 20 luglio &#8220;Un borghese piccolo piccolo&#8221;, in versione teatrale (lo aveva adattato lo stesso Cerami, scomparso quattro anni or sono, ma mai portato su un palco, debutta in anteprima a Verezzi, come apertura del Festival arrivato all&#8217;edizione numero 51. L&#8217;anticipazione \u00e8 stata annunciata questa mattina dal direttore artistico del Festival, Stefano Delfino, durante la conferenza stampa di lancio dell&#8217;edizione 2017, avvenuta presso il negozio Noberasco 1908 in Albenga, nuovo sponsor della manifestazione. Protagonista della versione teatrale sar\u00e0 Massimo Dapporto. Con questo spettacolo, il Festival intende ricordare, a quattro anni dalla scomparsa, anche lo scrittore Vincenzo Cerami, autore del romanzo dal quale lo spettacolo \u00e8 stato tratto, e candidato all&#8217;Oscar per la sceneggiatura de &#8220;La vita \u00e8 bella&#8221; di Roberto Benigni. Non a caso, autore delle musiche di scena per lo spettacolo, diretto da Fabrizio Coniglio, \u00e8 Nicola Piovani, premio Oscar proprio per la colonna sonora de &#8220;La vita \u00e8 bella&#8221;. Altri interpreti del &#8220;Borghese piccolo piccolo&#8221; sono Susanna Marcomeni, Roberto D&#8217;Alessandro, lo stesso Coniglio e Federico Rubino.<\/p>\n<p>Spiega il direttore artistico Stefano Delfino, al timone del Festival dal 2002 e confermato per altri cinque anni dall&#8217;amministrazione comunale di Borgio Verezzi: &#8220;Era un progetto coltivato da parecchio tempo, ma che siamo finalmente riusciti a realizzare quest&#8217;anno su impulso del regista Coniglio e grazie alla produzione di Teatro e Societ\u00e0 di Pietro Mezzasoma. Lo spettacolo sta suscitando grande interesse, al punto da essere gi\u00e0 atteso da una lunga tourn\u00e9e invernale in alcuni nei maggiori teatri italiani dal prossimo ottobre al gennaio del 2018&#8221;. Al telefono il regista Coniglio racconta la sua lettura del &#8220;Borghese piccolo piccolo&#8221;: &#8220;A distanza di trent&#8217;anni il vizio italiano di cercare scorciatoie per la carriera dei figli e dei familiari non \u00e8 cambiato. In questo modo si uccide merito e talento, non \u00e8 un caso che nel mio adattamento su cinque protagonisti tre muoiano&#8221;. <div class=\"single-img-content-container fullwidth-single shortcode standard\">\n    <div class=\"image_container\" style=\"text-align: center;\">\n        <picture class=\" lazyload\"><img loading=\"lazy\" class=\"lazy\" data-srcset=\"https:\/\/www.ivg.it\/photogallery_new\/images\/2017\/05\/festival-verezzi-399522.jpg 1024w, https:\/\/www.ivg.it\/photogallery_new\/images\/2017\/05\/festival-verezzi-399522.jpg 970w, https:\/\/www.ivg.it\/photogallery_new\/images\/2017\/05\/festival-verezzi-399522.jpg 660w, https:\/\/www.ivg.it\/photogallery_new\/images\/2017\/05\/festival-verezzi-399522.jpg 316w, https:\/\/www.ivg.it\/photogallery_new\/images\/2017\/05\/festival-verezzi-399522.jpg 150w\"  data-src=\"https:\/\/www.ivg.it\/photogallery_new\/images\/2017\/05\/festival-verezzi-399522.jpg\" alt=\"festival verezzi\" \/><\/picture>\r\n\n    <\/div>\n    <\/div>\n<\/p>\n<p>Il programma del Festival 2017 si articoler\u00e0 in dieci spettacoli (un&#8217;anteprima e otto prime nazionali per 22 serate complessive in piazza Sant&#8217;Agostino, pi\u00f9 un evento speciale nelle Grotte di Borgio), dall&#8217;8 luglio al 24 agosto. Il tema scelto \u00e8 il potere, nelle sue pi\u00f9 svariate accezioni: il potere dei sentimenti, della solidariet\u00e0, della famiglia, dell&#8217;amicizia e cos\u00ec via. Aggiunge il consigliere delegato al teatro Maddalena Pizzonia: &#8220;Da quest&#8217;anno il Festival vuole creare un nuovo tipo di rapporto con gli sponsor. Vogliamo che i nostri finanziatori collaborino con noi per creare valori condivisi che possano portare alla creazione di progetti pluriennali. Credo che la nuova partnership con Noberasco possa essere un ottimo punto di partenza in questa direzione. Bisogna imparare dalle tante realt\u00e0 oggi presenti in Italia e in Europa: lo scopo \u00e8 creare un percorso comune dove pubblico e privato possano collaborare non solo per la ricerca di finanziamenti, ma anche per scambiare competenze e know-how. Il segreto del successo delle passate edizioni del Festival \u00e8 sempre stata la ricerca della qualit\u00e0, ma oggi sta diventando sempre pi\u00f9 importante anche una ponderata gestione delle risorse; in ogni caso il nostro pubblico rimane affezionato e fedele, e forse \u00e8 questa la forza pi\u00f9 grande del Festival&#8221;.<\/p>\n<p>Conclude il sindaco Renato Dacquino: &#8220;Ripartiamo come ogni anno con le nostre esperienze e l&#8217;entusiasmo di tutto il team; con l&#8217;attenzione a offrire sempre un Festival di qualit\u00e0, capace di rispondere alle attese di un pubblico qualificato ed esigente; con la consapevolezza di dover affrontare incertezze e difficolt\u00e0 economiche sempre maggiori. In questi anni abbiamo ottenuto risultati qualitativi e quantitativi importanti; oggi siamo consapevoli che migliorare ulteriormente la gestione \u00e8 molto difficile, ancora pi\u00f9 difficile ottenere risorse economiche. Come in tutti gli spettacoli il percorso prima del debutto \u00e8 faticoso&#8230; cos\u00ec \u00e8 stata la preparazione del Festival, quest&#8217;anno pi\u00f9 che mai: la valutazione delle varie proposte (sempre pi\u00f9 numerose), la ricerca di finanziamenti (sempre pi\u00f9 limitati), le gradite conferme che arrivano dagli Enti di riferimento, i rapporti stimolanti con nuovi partner privati e l&#8217;esigenza di fare progetti di valore per entrambi (spesso purtroppo minimizzati da aspetti burocratici); la complessit\u00e0 organizzativa e il giusto rigore di alcuni potenziali sostenitori, che hanno dilatato i tempi e non hanno aiutato a cogliere le opportunit\u00e0. Sar\u00e0 un Festival adulto: difficile ripetere i risultati dell&#8217;anno scorso, ma sicuramente sar\u00e0 un Festival con grandi proposte. Il potere sar\u00e0 la forza guida del Festival: noi crediamo in un potere vero e positivo, nel potere delle buone idee e del valore delle persone, \u00e8 questo il potere che cerchiamo per il nostro Festival&#8221;.<\/p>\n<p>Il Festival \u00e8 organizzato dal Comune di Borgio Verezzi, con la direzione artistica di Stefano Delfino e il sostegno del Ministero dei beni e delle attivit\u00e0 culturali e del turismo, della Regione Liguria e della Camera di Commercio Riviere di Liguria. Sponsor e partner privati: Fondazione A. De Mari, Virgin Active, Banca Pianfei, Noberasco spa, Rivierauto di Galvagno spa, Canepa Sas, Tecnica srl, Cooperativa A. Bazzino.<\/p>\n","protected":false},"excerpt":{"rendered":"<p>Borgio Verezzi. Trent&#8217;anni or sono Mario Monicelli, uomo di sinistra, firm\u00f2 un capolavoro della cinematografia italiana: &#8220;Un borghese piccolo piccolo&#8221;, interpretato da Alberto Sordi e Shelley Winters, trasposizione filmica del romanzo di Vincenzo Cerami. Fu un grande successo al botteghino, fu un grande momento di dibattito con la &#8220;nouvelle gauche&#8221; (memorabile uno scontro televisivo tra [&hellip;]<\/p>\n","protected":false},"author":4,"featured_media":0,"comment_status":"open","ping_status":"closed","sticky":false,"template":"","format":"standard","meta":{"footnotes":""},"categories":[56],"tags":[7184,24114],"class_list":["post-409781","post","type-post","status-publish","format-standard","hentry","category-altre","tag-festival-teatrale","tag-festival-verezzi","post_cat_citta-borgio-verezzi","post_tag_personaggi-stefano-delfino"],"amp_validity":null,"amp_enabled":true,"_links":{"self":[{"href":"https:\/\/staging.ivg.it\/ediapi\/wp\/v2\/posts\/409781","targetHints":{"allow":["GET"]}}],"collection":[{"href":"https:\/\/staging.ivg.it\/ediapi\/wp\/v2\/posts"}],"about":[{"href":"https:\/\/staging.ivg.it\/ediapi\/wp\/v2\/types\/post"}],"author":[{"embeddable":true,"href":"https:\/\/staging.ivg.it\/ediapi\/wp\/v2\/users\/4"}],"replies":[{"embeddable":true,"href":"https:\/\/staging.ivg.it\/ediapi\/wp\/v2\/comments?post=409781"}],"version-history":[{"count":0,"href":"https:\/\/staging.ivg.it\/ediapi\/wp\/v2\/posts\/409781\/revisions"}],"wp:attachment":[{"href":"https:\/\/staging.ivg.it\/ediapi\/wp\/v2\/media?parent=409781"}],"wp:term":[{"taxonomy":"category","embeddable":true,"href":"https:\/\/staging.ivg.it\/ediapi\/wp\/v2\/categories?post=409781"},{"taxonomy":"post_tag","embeddable":true,"href":"https:\/\/staging.ivg.it\/ediapi\/wp\/v2\/tags?post=409781"}],"curies":[{"name":"wp","href":"https:\/\/api.w.org\/{rel}","templated":true}]}}