{"id":409298,"date":"2017-05-04T19:33:08","date_gmt":"2017-05-04T17:33:08","guid":{"rendered":"http:\/\/www.ivg.it\/?p=409298"},"modified":"2017-05-04T19:33:08","modified_gmt":"2017-05-04T17:33:08","slug":"altare-scende-campo-giuseppe-grisolia-la-sua-lista-sostenuta-dal-centrodestra","status":"publish","type":"post","link":"https:\/\/staging.ivg.it\/2017\/05\/altare-scende-campo-giuseppe-grisolia-la-sua-lista-sostenuta-dal-centrodestra\/","title":{"rendered":"Altare, scende in campo Giuseppe Grisolia con la sua lista sostenuta dal centrodestra"},"content":{"rendered":"<p><strong>Altare<\/strong>. \u00c8 Giuseppe Grisolia il candidato sindaco che sfider\u00e0 Roberto Briano alle amministrative dell&#8217;11 giugno.<\/p>\n<p>Nonostante l&#8217;incertezza delle ultime settimane da parte del centrodestra, che sembrava non partecipare alla competizione elettorale altarese, ora c&#8217;\u00e8 l&#8217;ufficialit\u00e0 di una squadra che vede in testa, come aspirante primo cittadino, un giovane 25enne, gi\u00e0 impegnato in politica come iscritto e militante della Lega Nord.<\/p>\n<p>Proprio sabato 6 maggio, la lista sar\u00e0 presentata ai cittadini con la partecipazione del governatore della Liguria, Giovanni Toti, e dell&#8217;assessore regionale Edoardo Rixi, esponente del Carroccio, che saranno in Valbormida a sostegno di Giuseppe Grisolia, per Altare, e di Paolo Lambertini per Cairo.<\/p>\n","protected":false},"excerpt":{"rendered":"<p>Sfida a due nella citt\u00e0 del vetro tra Roberto Briano e il giovane militante della Lega Nord<\/p>\n","protected":false},"author":12120,"featured_media":0,"comment_status":"open","ping_status":"closed","sticky":false,"template":"","format":"standard","meta":{"footnotes":""},"categories":[45296,31],"tags":[92887],"class_list":["post-409298","post","type-post","status-publish","format-standard","hentry","category-copertina","category-politica","tag-altare-2017","post_tag_personaggi-edoardo-rixi","post_tag_personaggi-giovanni-toti","post_tag_personaggi-giuseppe-grisolia","post_tag_personaggi-paolo-lambertini","post_tag_personaggi-roberto-briano"],"amp_validity":null,"amp_enabled":true,"_links":{"self":[{"href":"https:\/\/staging.ivg.it\/ediapi\/wp\/v2\/posts\/409298","targetHints":{"allow":["GET"]}}],"collection":[{"href":"https:\/\/staging.ivg.it\/ediapi\/wp\/v2\/posts"}],"about":[{"href":"https:\/\/staging.ivg.it\/ediapi\/wp\/v2\/types\/post"}],"author":[{"embeddable":true,"href":"https:\/\/staging.ivg.it\/ediapi\/wp\/v2\/users\/12120"}],"replies":[{"embeddable":true,"href":"https:\/\/staging.ivg.it\/ediapi\/wp\/v2\/comments?post=409298"}],"version-history":[{"count":0,"href":"https:\/\/staging.ivg.it\/ediapi\/wp\/v2\/posts\/409298\/revisions"}],"wp:attachment":[{"href":"https:\/\/staging.ivg.it\/ediapi\/wp\/v2\/media?parent=409298"}],"wp:term":[{"taxonomy":"category","embeddable":true,"href":"https:\/\/staging.ivg.it\/ediapi\/wp\/v2\/categories?post=409298"},{"taxonomy":"post_tag","embeddable":true,"href":"https:\/\/staging.ivg.it\/ediapi\/wp\/v2\/tags?post=409298"}],"curies":[{"name":"wp","href":"https:\/\/api.w.org\/{rel}","templated":true}]}}