{"id":40907,"date":"2008-11-15T11:00:16","date_gmt":"2008-11-15T10:00:16","guid":{"rendered":"http:\/\/www.ivg.it\/2008\/11\/15\/a-savona-la-mostra-sui-teatri-storici-della-liguria\/"},"modified":"2008-11-16T02:09:50","modified_gmt":"2008-11-16T01:09:50","slug":"a-savona-la-mostra-sui-teatri-storici-della-liguria","status":"publish","type":"post","link":"https:\/\/staging.ivg.it\/2008\/11\/a-savona-la-mostra-sui-teatri-storici-della-liguria\/","title":{"rendered":"A Savona la mostra sui teatri storici della Liguria"},"content":{"rendered":"<p><strong>[thumb:9690:l]Savona<\/strong>. Prosegue il tour della mostra itinerante sui Teatri Storici della Liguria &#8220;E lucevan le stelle&#8221;. Settima tappa, Savona che ospiter\u00e0 l&#8217;iniziativa a partire da luned\u00ec 17 (ore 11,30), nell&#8217;Atrio del Palazzo Comunale. Sono due i palcoscenici storici savonesi che la Mostra racconta: accanto al Chiabrera, uno dei teatri pi\u00f9 importanti sul piano storico della regione e uno dei pi\u00f9 belli oggi in attivit\u00e0 anche a livello nazionale, va ricordato infatti anche il glorioso e antico Sacco che oggi si vorrebbe far rivivere.<\/p>\n<p>Proprio per questo motivo l&#8217;inaugurazione di luned\u00ec 17 si svolger\u00e0 in due &#8220;fasi&#8221;. Alle 11,30 verr\u00e0 aperta ufficialmente la mostra nell&#8217;Atrio del Palazzo Comunale con l&#8217;intervento delle autorit\u00e0. A seguire ci si trasferir\u00e0 nel Teatro Sacco che verr\u00e0 aperto per l&#8217;occasione, a cura dell&#8217;Associazione Culturale Sacco, recentemente costituitasi e presieduta da Antonio Carlucci. L&#8217;Associazione che ha come scopo la diffusione della cultura letteraria, musicale, teatrale e delle arti visive, si sta adoperando per il rilancio del Teatro Sacco. La visita costituir\u00e0, dunque, un&#8217;occasione per rivedere uno spazio che ha avuto una rilevante funzione nella storia culturale della citt\u00e0.<\/p>\n<p>Il progetto, della Regione Liguria, ideato e curato da Roberto Iovino e Marta Musso, \u00e8 realizzato dall&#8217;Associazione Sidro e dal Gruppo Promozione Musicale Golfo Paradiso, con la partecipazione di due Province (Imperia e Savona), nove Comuni (Pieve di Teco, Ventimiglia, Imperia, Finale Ligure, Savona, Genova, Camogli, La Spezia e Sarzana) e vari sponsor (Olio Carli, Costruttore Mario Valle, Coin, Gli Amici del Teatro Sociale). La Mostra rester\u00e0 aperta a Savona fino al 23 novembre con il seguente orario: tutti i giorni dalle 9 alle 12 e dalle 15 alle 17,30 (domenica chiuso). L&#8217;ingresso \u00e8 libero.<\/p>\n","protected":false},"excerpt":{"rendered":"<p>[thumb:9690:l]Savona. Prosegue il tour della mostra itinerante sui Teatri Storici della Liguria &#8220;E lucevan le stelle&#8221;. Settima tappa, Savona che ospiter\u00e0 l&#8217;iniziativa a partire da luned\u00ec 17 (ore 11,30), nell&#8217;Atrio del Palazzo Comunale. Sono due i palcoscenici storici savonesi che la Mostra racconta: accanto al Chiabrera, uno dei teatri pi\u00f9 importanti sul piano storico della [&hellip;]<\/p>\n","protected":false},"author":13744,"featured_media":0,"comment_status":"open","ping_status":"closed","sticky":false,"template":"","format":"standard","meta":{"footnotes":""},"categories":[],"tags":[389,2685,490],"class_list":["post-40907","post","type-post","status-publish","format-standard","hentry","tag-mostre-darte","tag-teatri","tag-teatro","post_cat_citta-savona"],"amp_validity":null,"amp_enabled":true,"_links":{"self":[{"href":"https:\/\/staging.ivg.it\/ediapi\/wp\/v2\/posts\/40907","targetHints":{"allow":["GET"]}}],"collection":[{"href":"https:\/\/staging.ivg.it\/ediapi\/wp\/v2\/posts"}],"about":[{"href":"https:\/\/staging.ivg.it\/ediapi\/wp\/v2\/types\/post"}],"author":[{"embeddable":true,"href":"https:\/\/staging.ivg.it\/ediapi\/wp\/v2\/users\/13744"}],"replies":[{"embeddable":true,"href":"https:\/\/staging.ivg.it\/ediapi\/wp\/v2\/comments?post=40907"}],"version-history":[{"count":0,"href":"https:\/\/staging.ivg.it\/ediapi\/wp\/v2\/posts\/40907\/revisions"}],"wp:attachment":[{"href":"https:\/\/staging.ivg.it\/ediapi\/wp\/v2\/media?parent=40907"}],"wp:term":[{"taxonomy":"category","embeddable":true,"href":"https:\/\/staging.ivg.it\/ediapi\/wp\/v2\/categories?post=40907"},{"taxonomy":"post_tag","embeddable":true,"href":"https:\/\/staging.ivg.it\/ediapi\/wp\/v2\/tags?post=40907"}],"curies":[{"name":"wp","href":"https:\/\/api.w.org\/{rel}","templated":true}]}}