{"id":408998,"date":"2017-05-02T11:11:01","date_gmt":"2017-05-02T09:11:01","guid":{"rendered":"http:\/\/www.ivg.it\/?p=408998"},"modified":"2017-05-02T11:14:05","modified_gmt":"2017-05-02T09:14:05","slug":"campionati-regionali-staffette-lalba-docilia-risponde-presente","status":"publish","type":"post","link":"https:\/\/staging.ivg.it\/2017\/05\/campionati-regionali-staffette-lalba-docilia-risponde-presente\/","title":{"rendered":"Campionati regionali di staffette: l&#8217;Alba Docilia risponde presente"},"content":{"rendered":"<p><strong>Albisola Superiore.<\/strong> Dopo un anno di stop<strong> il &#8220;Chittolina&#8221; di Vado Ligure ritorna ad ospitare i campionati regionali giovanili di staffette<\/strong> e lo fa in una bellissima giornata di sole e con tanta tanta partecipazione da ogni parte della Liguria. <strong>Tra le societ\u00e0 protagoniste, come sempre, l&#8217;Alba Docilia.<\/strong><\/p>\n<p>Copertina d&#8217;obbligo per la<strong> 4\u00d7100 Cadetti composta da Stefano Russo, Matthias Grassano, Pietro Ottonello e Kauan Ceruti,<\/strong> capace di<strong> conquistare il titolo regionale<\/strong> facendo segnare un grandissimo tempo: 47&#8243;94 per loro, che vanno cos\u00ec<strong> vicinissimi al record sociale<\/strong> che resiste ancora imbattuto dal 1974 (47&#8243;3).<\/p>\n<p>Ottava piazza per l&#8217;altra 4\u00d7100 Cadetti composta da <strong>Federico Fermiano, Stefano Siri, Matteo Boggiano e Dennis D&#8217;Emey<\/strong> (54&#8243;35).<\/p>\n<p>L&#8217;altra staffetta che si piazza sul podio \u00e8<strong> la 3\u00d7800 Ragazzi che giunge al terzo posto, composta da Gabriele Rota, Mattia De Nitto e Tommaso Ziller<\/strong> (7&#8217;56&#8243;28).<\/p>\n<p>Buoni quarti posti per le due staffette 3\u00d71000 Cadetti e Cadette: quella femminile guidata da<strong> Lucrezia Giuria, Alice Massone e Martina Stranieri<\/strong> chiude in 11&#8217;09&#8243;45 mentre quella maschile composta da<strong> Michele Giacchino, Simone Scozzafava e Pietro Cavallo<\/strong> ferma il crono a 10&#8217;48&#8243;80.<\/p>\n<p>Bene comunque il bilancio in generale per la societ\u00e0 albisolese, che riesce a portare al traguardo tutte le staffette schierate, classificandosi cos\u00ec in tutte e quattro le graduatorie (una per categoria) del Campionato di Societ\u00e0 regionale di staffette:<strong> Cadetti che giungono secondi, Regazze al terzo posto, Cadette e Ragazzi che per un solo punticino si devono accontentare del quarto posto.<\/strong><\/p>\n<p>Queste le altre staffette dell&#8217;<strong>Alba Docilia<\/strong> arrivate al traguardo:<\/p>\n<p><strong>Ragazze<\/strong><br \/>\n<strong> 4\u00d7100<\/strong><br \/>\n7. Giulia Rosso, Matilde Nani, Giorgia Vignola, Arianna Caviglia 1&#8217;01&#8243;55<br \/>\n8. Rebecca Marchetti, Emy, Golfetto, Margherita Franzoni, Giada Rebagliati 1&#8217;02&#8243;15<br \/>\n<strong>3\u00d7800<\/strong><br \/>\n6. Miriam Bolfo, Sofia Valfr\u00e8, Anna Rossello 9&#8217;22&#8243;64<\/p>\n<p><strong>Ragazzi<\/strong><br \/>\n<strong> 4\u00d7100<\/strong><br \/>\n6. Mirco Scozzafava, Carlo Saettone, Luca Cusimano, Filippo Pagnini 1&#8217;01&#8243;20<br \/>\n9. Gabriele Cuccureddu, Daniele Freccero, Filippo Ciarlo, Alessandro Rossello 1&#8217;08&#8243;58<\/p>\n<p><strong>Cadette<\/strong><br \/>\n<strong> 4\u00d7100<\/strong><br \/>\n6. Clara Cortesi, Luna Cuneo, Sara Ubertone, Alice Botta 55&#8243;65<br \/>\n8. Irene Ziliani, Beatrice Somaglia, Serena Coco, Margherita Marchetti 59&#8243;29<br \/>\n12. Oksana Di Puccio, Elisa Saettone, Dorotea Salvo, Marta Sidoni 1&#8217;04&#8243;58<\/p>\n<p><strong>60 Extra Rm<\/strong><br \/>\n5. Davide Parodi 10&#8243;32<\/p>\n<p><strong>1000 Extra Cm<\/strong><br \/>\n6. Giacomo Sambarino 3&#8217;36&#8243;60<br \/>\n7. Andrea Carrara 3&#8217;39&#8243;34<\/p>\n<p><em>Nelle foto<\/em>: l&#8217;arrivo della 4&#215;100 e il podio Cadetti.<\/p>\n","protected":false},"excerpt":{"rendered":"<p>Titolo ligure per la 4\u00d7100 Cadetti composta da Stefano Russo, Matthias Grassano, Pietro Ottonello e Kauan Ceruti<\/p>\n","protected":false},"author":18,"featured_media":0,"comment_status":"open","ping_status":"closed","sticky":false,"template":"","format":"standard","meta":{"footnotes":""},"categories":[45296,47716,32],"tags":[7658,5280],"class_list":["post-408998","post","type-post","status-publish","format-standard","hentry","category-copertina","category-atletica-sport","category-sport","tag-alba-docilia","tag-atletica-leggera","post_cat_citta-albisola-superiore","post_tag_personaggi-kauan-ceruti","post_tag_personaggi-matthias-grassano","post_tag_personaggi-pietro-ottonello","post_tag_personaggi-stefano-russo"],"amp_validity":null,"amp_enabled":true,"_links":{"self":[{"href":"https:\/\/staging.ivg.it\/ediapi\/wp\/v2\/posts\/408998","targetHints":{"allow":["GET"]}}],"collection":[{"href":"https:\/\/staging.ivg.it\/ediapi\/wp\/v2\/posts"}],"about":[{"href":"https:\/\/staging.ivg.it\/ediapi\/wp\/v2\/types\/post"}],"author":[{"embeddable":true,"href":"https:\/\/staging.ivg.it\/ediapi\/wp\/v2\/users\/18"}],"replies":[{"embeddable":true,"href":"https:\/\/staging.ivg.it\/ediapi\/wp\/v2\/comments?post=408998"}],"version-history":[{"count":0,"href":"https:\/\/staging.ivg.it\/ediapi\/wp\/v2\/posts\/408998\/revisions"}],"wp:attachment":[{"href":"https:\/\/staging.ivg.it\/ediapi\/wp\/v2\/media?parent=408998"}],"wp:term":[{"taxonomy":"category","embeddable":true,"href":"https:\/\/staging.ivg.it\/ediapi\/wp\/v2\/categories?post=408998"},{"taxonomy":"post_tag","embeddable":true,"href":"https:\/\/staging.ivg.it\/ediapi\/wp\/v2\/tags?post=408998"}],"curies":[{"name":"wp","href":"https:\/\/api.w.org\/{rel}","templated":true}]}}