{"id":408880,"date":"2017-04-29T17:32:33","date_gmt":"2017-04-29T15:32:33","guid":{"rendered":"http:\/\/www.ivg.it\/?p=408880"},"modified":"2017-04-29T17:32:33","modified_gmt":"2017-04-29T15:32:33","slug":"carcare-si-unanime-dal-consiglio-comunale-allacquisizione-del-complesso-mallarini","status":"publish","type":"post","link":"https:\/\/staging.ivg.it\/2017\/04\/carcare-si-unanime-dal-consiglio-comunale-allacquisizione-del-complesso-mallarini\/","title":{"rendered":"Carcare, s\u00ec unanime dal Consiglio comunale all&#8217;acquisizione del complesso Mallarini"},"content":{"rendered":"<p><strong>Carcare<\/strong>. \u00c8 stato discusso ieri sera, durante la seduta del Consiglio comunale, il parere di accettazione in merito all&#8217;acquisizione di una parte del complesso dell&#8217;asilo Mallarini di Carcare.<\/p>\n<p>Poich\u00e9 \u00e8 cessata l&#8217;attivit\u00e0 istituzionale della fondazione che da decenni ha gestito la struttura dove le suore hanno &#8220;allevato&#8221; generazioni di bambini, i locali sono stati ceduti gratuitamente al comune e alla parrocchia, e proprio a quest&#8217;ultima andranno la palestra, i garage ed il cortile interno. Al pian terreno dell&#8217;edificio ora c&#8217;\u00e8 la sede di Valbormida Formazione con i corsi di ristorazione.<\/p>\n<p>Il Consiglio comunale ha votato all&#8217;unanimit\u00e0 per l&#8217;accettazione. Inoltre, dall&#8217;opposizione \u00e8 arrivata la proposta di destinare parte della struttura ad una sorta di museo per ospitare la prestigiosa collezione di fisarmoniche del carcarese Mauro Torterolo, proposta accolta dalla maggioranza in quanto, proprio lo stesso sindaco, Franco Bologna, gi\u00e0 l&#8217;anno scorso aveva contattato il collezionista in attesa del passaggio ufficiale dell&#8217;immobile al comune. Ora, pertanto, si valuteranno le eventuali modalit\u00e0 per allestire il museo.<\/p>\n","protected":false},"excerpt":{"rendered":"<p>Giunta e opposizione concordi sull&#8217;utilizzo della struttura per la prestigiosa collezione di fisarmoniche di Mauro Torterolo <\/p>\n","protected":false},"author":2394,"featured_media":0,"comment_status":"open","ping_status":"closed","sticky":false,"template":"","format":"standard","meta":{"footnotes":""},"categories":[45296,31],"tags":[88420],"class_list":["post-408880","post","type-post","status-publish","format-standard","hentry","category-copertina","category-politica","tag-ex-asilo-mallarini","post_cat_citta-carcare"],"amp_validity":null,"amp_enabled":true,"_links":{"self":[{"href":"https:\/\/staging.ivg.it\/ediapi\/wp\/v2\/posts\/408880","targetHints":{"allow":["GET"]}}],"collection":[{"href":"https:\/\/staging.ivg.it\/ediapi\/wp\/v2\/posts"}],"about":[{"href":"https:\/\/staging.ivg.it\/ediapi\/wp\/v2\/types\/post"}],"author":[{"embeddable":true,"href":"https:\/\/staging.ivg.it\/ediapi\/wp\/v2\/users\/2394"}],"replies":[{"embeddable":true,"href":"https:\/\/staging.ivg.it\/ediapi\/wp\/v2\/comments?post=408880"}],"version-history":[{"count":0,"href":"https:\/\/staging.ivg.it\/ediapi\/wp\/v2\/posts\/408880\/revisions"}],"wp:attachment":[{"href":"https:\/\/staging.ivg.it\/ediapi\/wp\/v2\/media?parent=408880"}],"wp:term":[{"taxonomy":"category","embeddable":true,"href":"https:\/\/staging.ivg.it\/ediapi\/wp\/v2\/categories?post=408880"},{"taxonomy":"post_tag","embeddable":true,"href":"https:\/\/staging.ivg.it\/ediapi\/wp\/v2\/tags?post=408880"}],"curies":[{"name":"wp","href":"https:\/\/api.w.org\/{rel}","templated":true}]}}