{"id":408801,"date":"2017-04-28T16:52:59","date_gmt":"2017-04-28T14:52:59","guid":{"rendered":"http:\/\/www.ivg.it\/?p=408801"},"modified":"2017-04-28T17:05:04","modified_gmt":"2017-04-28T15:05:04","slug":"savona-ok-della-giunta-al-bilancio-consuntivo-2016-montaldo-la-manovra-inizia-dare-suoi-frutti","status":"publish","type":"post","link":"https:\/\/staging.ivg.it\/2017\/04\/savona-ok-della-giunta-al-bilancio-consuntivo-2016-montaldo-la-manovra-inizia-dare-suoi-frutti\/","title":{"rendered":"Savona, ok della giunta al bilancio consuntivo 2016. Montaldo: &#8220;La manovra inizia a dare i suoi frutti&#8221;"},"content":{"rendered":"<p><strong>Savona.<\/strong> &#8220;La manovra del 2016 inizia a dare i suoi frutti&#8221;. Cos\u00ec Silvano Montaldo, assessore a Bilancio, Patrimonio, Societ\u00e0 Partecipate e Tributi del Comune di Savona, commenta l&#8217;approvazione, da parte della giunta di Palazzo Sisto comunale allo schema di bilancio consuntivo dell\u2019anno 2016, da sottoporre ora all&#8217;esame del Consiglio comunale.<\/p>\n<p>&#8220;L&#8217;anno 2016 si chiude con i seguenti risultati: un avanzo di amministrazione di euro 5.768.940,36. A questo avanzo vanno per\u00f2 tolte le quote accantonate 12.663.462,92, le quote vincolate 16.976.387,75, la parte destinata agli investimenti 537.770,20&#8221;, spiega Montaldo. &#8220;Pertanto il saldo negativo al 31.12.2016 ammonta a -24.408.680,61. In estrema sintesi il risultato \u00e8 cos\u00ec composto: 13.149.655 il disavanzo gi\u00e0 dichiarato il 9 agosto 2016 con l\u2019apertura della procedura di riequilibrio finanziario 10.549.094,63 deficit ante 2015 derivante dall&#8217;armonizzazione contabile e residui straordinari del 2014 &#8211; di cui 11.302.602,63 per il quale si \u00e8 scelto un rateizzo in 30 anni&#8221;.<\/p>\n<p>&#8220;Dai numeri conseguiti si pu\u00f2 chiaramente evincere che i primi risultati della manovra messa in atto nell\u2019anno 2016 iniziano a dare i loro frutti, seppur l\u2019andamento delle entrate e della riscossione evidenzi sempre un rallentamento che ha necessariamente portato a effettuare una nuova eliminazione prudenziale di residui attivi di vecchia generazione, pari a<br \/>\n1.5 milioni&#8221;, dichiara ancora Montaldo. <\/p>\n<p>&#8220;Come tutti ricorderanno all\u2019apertura delle procedure di riequilibrio finanziario il bilancio non rispettava il pareggio per circa 4 milioni di spese correnti: con le manovre correttive  messe in atto da luglio a dicembre questo margine si \u00e8 sensibilmente ridotto (-196.022) e ci ha anche permesso di approvare il<br \/>\nbilancio di previsione dell\u2019anno 2017 con un avanzo di amministrazione che permette di iniziare a rientrare in un decennio del disavanzo, oltre che per la sentenza dei derivati ed i crediti deteriorati per un ammontare superiore a 13 milioni&#8221;.<\/p>\n<p>&#8220;I risultati a consuntivo dell&#8217;anno 2016 confermano la necessit\u00e0 o meglio l\u2019obbligatoriet\u00e0 delle scelte che sono state operate sia in termini di risanamento che di tagli, seppur dolorosi: scelte che riporteranno il Comune di Savona a poter operare, ci auguriamo nel pi\u00f9 breve tempo possibile, nella normalit\u00e0 finanziaria&#8221;, conclude l&#8217;assessore Montaldo.<\/p>\n","protected":false},"excerpt":{"rendered":"<p>&#8220;Il consuntivo del 2016 conferma l\u2019obbligatoriet\u00e0 delle scelte fatte dall&#8217;amministrazione comunale per il riassetto finanziario dell&#8217;ente&#8221;<\/p>\n","protected":false},"author":4,"featured_media":0,"comment_status":"open","ping_status":"closed","sticky":false,"template":"","format":"standard","meta":{"footnotes":""},"categories":[45296,35,31],"tags":[68986,3204],"class_list":["post-408801","post","type-post","status-publish","format-standard","hentry","category-copertina","category-economia","category-politica","tag-bilancio-consuntivo","tag-comune-savona","post_cat_citta-savona","post_tag_personaggi-silvano-montaldo"],"amp_validity":null,"amp_enabled":true,"_links":{"self":[{"href":"https:\/\/staging.ivg.it\/ediapi\/wp\/v2\/posts\/408801","targetHints":{"allow":["GET"]}}],"collection":[{"href":"https:\/\/staging.ivg.it\/ediapi\/wp\/v2\/posts"}],"about":[{"href":"https:\/\/staging.ivg.it\/ediapi\/wp\/v2\/types\/post"}],"author":[{"embeddable":true,"href":"https:\/\/staging.ivg.it\/ediapi\/wp\/v2\/users\/4"}],"replies":[{"embeddable":true,"href":"https:\/\/staging.ivg.it\/ediapi\/wp\/v2\/comments?post=408801"}],"version-history":[{"count":0,"href":"https:\/\/staging.ivg.it\/ediapi\/wp\/v2\/posts\/408801\/revisions"}],"wp:attachment":[{"href":"https:\/\/staging.ivg.it\/ediapi\/wp\/v2\/media?parent=408801"}],"wp:term":[{"taxonomy":"category","embeddable":true,"href":"https:\/\/staging.ivg.it\/ediapi\/wp\/v2\/categories?post=408801"},{"taxonomy":"post_tag","embeddable":true,"href":"https:\/\/staging.ivg.it\/ediapi\/wp\/v2\/tags?post=408801"}],"curies":[{"name":"wp","href":"https:\/\/api.w.org\/{rel}","templated":true}]}}