{"id":408439,"date":"2017-04-24T13:39:04","date_gmt":"2017-04-24T11:39:04","guid":{"rendered":"http:\/\/www.ivg.it\/?p=408439"},"modified":"2017-04-24T15:51:18","modified_gmt":"2017-04-24T13:51:18","slug":"pietra-salvatore-borsellino-alla-giornata-educazione-alla-legalita-del-28-aprile","status":"publish","type":"post","link":"https:\/\/staging.ivg.it\/2017\/04\/pietra-salvatore-borsellino-alla-giornata-educazione-alla-legalita-del-28-aprile\/","title":{"rendered":"Pietra, Salvatore Borsellino alla giornata di educazione alla legalit\u00e0 del 28 aprile"},"content":{"rendered":"<p><strong>Pietra Ligure<\/strong>. Il Comune di Pietra Ligure ospiter\u00e0 anche quest&#8217;anno l&#8217;evento in ricordo delle vittime innocenti della mafia organizzato dall&#8217;associazione \u201cSpettacolando\u201d di Pietra con il Movimento Agende Rosse-gruppo Paolo Borsellino di Torino e il Presidio Ponente Savonese associazione Libera.<\/p>\n<p>Nell&#8217;arco dell&#8217;intera giornata di venerd\u00ec 28 aprile nelle piazze e vie di Pietra Ligure e presso il teatro comunale \u201cG. Moretti\u201d sono previsti diversi appuntamenti volti anche ad accrescere la conoscenza dei giovani in et\u00e0 scolare sul tema dell&#8217;educazione alla legalit\u00e0.<\/p>\n<p>Alla \u201cGiornata di educazione alla legalit\u00e0\u201d sono previsti la presenza e l&#8217;intervento di Salvatore Borsellino, fratello del magistrato ucciso il 19 luglio del 1992 a Palermo in via D&#8217;Amelio, e la partecipazione degli alunni delle classi terze della scuola secondaria di primo grado di Pietra Ligure, gli studenti dell&#8217;Istituto \u201cG. Falcone \u201c di Loano e dell&#8217;istituto Issel di Finale Ligure.<\/p>\n<p>Sar\u00e0 Salvatore Borsellino ad inaugurare la targa in memoria degli agenti della scorta che verr\u00e0 posizionata sul lungomare di levante; il fratello del magistrato incontrer\u00e0 la cittadinanza alle ore 21 presso il teatro comunale.<\/p>\n<p>Ecco il programma della giornata. Alle 9.30 sono previsti il ritrovo in piazza San Nicol\u00f2 e corteo fino alla passeggiata a mare \u201cFalcone-Borsellino e Agenti Scorta Vittime della Mafia\u201d e l&#8217;inaugurazione della targa in memoria degli agenti della scorta. Alle 11 al teatro Moretti dialogo aperto di Salvatore Borsellino con i ragazzi delle scuole secondarie e superiori del territorio sul tema della legalit\u00e0. Breve pi\u00e8ce teatrale tratta da \u201cIl giorno della civetta\u201d a cura degli studenti.<\/p>\n<p>Alle 16 in piazza Vittorio Emanuele II e piazza Martiri della Libert\u00e0 esposizione di elaborati e quadri a tema con la collaborazione del Movimento Agende Rosse di Torino e Presidio Ponente Savonese Libera &#8220;Nino e Ida Agostino&#8221; di Pietra Ligure. Alle 21 al Moretti incontro con la cittadinanza a cui parteciperanno\u00a0 Salvatore Borsellino, l&#8217;avvocato Fabio Repici (legale di alcuni familiari vittime di mafia), Luciano Traina (fratello dell&#8217;agente della scorta Claudio Traina), Carmen Duca e Oscar Vento (Movimento Agende Rosse Torino).<\/p>\n","protected":false},"excerpt":{"rendered":"<p>Sono previsti diversi appuntamenti volti anche ad accrescere la conoscenza dei giovani in et\u00e0 scolare sul tema dell&#8217;educazione alla legalit\u00e0<\/p>\n","protected":false},"author":12120,"featured_media":0,"comment_status":"open","ping_status":"closed","sticky":false,"template":"","format":"standard","meta":{"footnotes":""},"categories":[56],"tags":[93558,66263,69846],"class_list":["post-408439","post","type-post","status-publish","format-standard","hentry","category-altre","tag-associazione-spettacolando","tag-falcone-loano","tag-teatro-moretti-pietra-ligure","post_cat_citta-pietra-ligure","post_tag_personaggi-carmen-duca","post_tag_personaggi-fabio-repici","post_tag_personaggi-luciano-traina","post_tag_personaggi-oscar-vento","post_tag_personaggi-salvatore-borsellino"],"amp_validity":null,"amp_enabled":true,"_links":{"self":[{"href":"https:\/\/staging.ivg.it\/ediapi\/wp\/v2\/posts\/408439","targetHints":{"allow":["GET"]}}],"collection":[{"href":"https:\/\/staging.ivg.it\/ediapi\/wp\/v2\/posts"}],"about":[{"href":"https:\/\/staging.ivg.it\/ediapi\/wp\/v2\/types\/post"}],"author":[{"embeddable":true,"href":"https:\/\/staging.ivg.it\/ediapi\/wp\/v2\/users\/12120"}],"replies":[{"embeddable":true,"href":"https:\/\/staging.ivg.it\/ediapi\/wp\/v2\/comments?post=408439"}],"version-history":[{"count":0,"href":"https:\/\/staging.ivg.it\/ediapi\/wp\/v2\/posts\/408439\/revisions"}],"wp:attachment":[{"href":"https:\/\/staging.ivg.it\/ediapi\/wp\/v2\/media?parent=408439"}],"wp:term":[{"taxonomy":"category","embeddable":true,"href":"https:\/\/staging.ivg.it\/ediapi\/wp\/v2\/categories?post=408439"},{"taxonomy":"post_tag","embeddable":true,"href":"https:\/\/staging.ivg.it\/ediapi\/wp\/v2\/tags?post=408439"}],"curies":[{"name":"wp","href":"https:\/\/api.w.org\/{rel}","templated":true}]}}